{"id":2773,"date":"2023-02-18T13:57:44","date_gmt":"2023-02-18T10:57:44","guid":{"rendered":"https:\/\/www.urfabugun.com\/?p=2773"},"modified":"2023-02-18T13:57:50","modified_gmt":"2023-02-18T10:57:50","slug":"depremde-psikolojik-ilk-yardim","status":"publish","type":"post","link":"https:\/\/www.urfabugun.com\/index.php\/2023\/02\/18\/depremde-psikolojik-ilk-yardim\/","title":{"rendered":"Depremde Psikolojik \u0130lk Yard\u0131m!"},"content":{"rendered":"\n<p><strong>Kahramanmara\u015f merkezli olan ve &#8220;Asr\u0131n Felaketi&#8221; olarak nitelendirilen y\u0131k\u0131c\u0131 2 b\u00fcy\u00fck deprem sonras\u0131nda ya\u015fanan psikolojik ilk yard\u0131m\u0131 Psikolog Funda \u00c7akmakl\u0131 kaleme ald\u0131.<\/strong><a href=\"https:\/\/www.urfabugun.com\/index.php\/author\/admin\/\"><\/a><\/p>\n\n\n\n<p>T\u00fcrkiye tarihinde kay\u0131tlara ge\u00e7en en b\u00fcy\u00fck ikinci deprem olan Kahramanmara\u015f merkezli 7.7 ve 7.6 depreminde etkilenen 10 il insanlar\u0131 derinden etkilemi\u015ftir. Bu etkiyle birlikte bireyler fizyolojik ve psikolojik a\u00e7\u0131dan sarsm\u0131\u015ft\u0131r.<\/p>\n\n\n\n<p>Bu d\u00f6nemde psikolojik destek sa\u011fl\u0131kl\u0131 olmayabilir ihtiya\u00e7 duyulan nokta psikolojik ilk yard\u0131md\u0131r. \u0130nsanlar\u0131n ilk olarak g\u00fcvenli bir \u015fekilde fiziksel ihtiya\u00e7lar\u0131 kar\u015f\u0131lanmal\u0131d\u0131r.<\/p>\n\n\n\n<p>Psikolojik ilk yard\u0131m nedir?<\/p>\n\n\n\n<p>\u00d6ncelikle bur bir terapi s\u00fcreci de\u011fildir. Hayat\u0131n kaybedilmesini daha k\u00f6t\u00fcye gitmesini engellemek i\u00e7in yap\u0131lan ilk m\u00fcdahaledir. Ki\u015filerin duygular\u0131n\u0131 d\u0131\u015fa vurmalar\u0131na yard\u0131mc\u0131 olabilir.<\/p>\n\n\n\n<p>Psikolojik ilk yard\u0131m \u00e7ocuklara nas\u0131l uygulanmal\u0131d\u0131r?<\/p>\n\n\n\n<p>ilk olarak etkili ileti\u015fim kurmak bu a\u015fama \u00f6nemlidir, bu ileti\u015fim yal\u0131n olmakla birlikte anla\u015f\u0131l\u0131r ve empatik bir yakla\u015f\u0131mla sa\u011flanmal\u0131d\u0131r. \u00c7ocuklar\u0131n y\u00f6neltti\u011fi sorulara ge\u00e7i\u015ftirmeden ger\u00e7ek\u00e7i bir a\u00e7\u0131klamaya yan\u0131t verilmelidir.<\/p>\n\n\n\n<p>\u0130kinci ad\u0131m olarak \u00f6yk\u00fc kullanmak d\u00fcz bilgi verir \u00f6yk\u00fc durumu tamamlay\u0131c\u0131 olabilir. \u00d6yk\u00fc sonras\u0131nda ise \u00e7ocu\u011fa resim \u00e7izdirmek olay \u00f6rg\u00fcs\u00fcn\u00fcn anla\u015f\u0131lmas\u0131na yard\u0131mc\u0131 olacakt\u0131r \u00e7izilen resim negatif bir yans\u0131tma sa\u011fl\u0131yor ise hikaye tekrar anlat\u0131larak \u00f6r\u00fcnt\u00fcn\u00fcn de\u011fi\u015fmesine yard\u0131mc\u0131 olabilir.<\/p>\n\n\n\n<p>\u00dc\u00e7\u00fcnc\u00fc ad\u0131m olarak do\u011fal iyile\u015ftiricileri kullanmak \u00e7ocuk da ya\u015fanan olumsuz etkileri azaltmaya yard\u0131mc\u0131 olabilir. Bu iyile\u015ftirmeler oyun yoluyla sa\u011flanabilir.<\/p>\n\n\n\n<p>Bak\u0131m verenlerin \u00e7ocuklara yakla\u015f\u0131m\u0131 nas\u0131l olmal\u0131d\u0131r?<\/p>\n\n\n\n<p>\u00c7ocuklara yakla\u015f\u0131rken sakinli\u011finizi koruman\u0131z \u00f6nemlidir.<\/p>\n\n\n\n<p>Ya\u015fan\u0131lanlar, hissedilenler \u00e7ocu\u011fa yal\u0131n ve sade bir dille anlat\u0131lmal\u0131d\u0131r.<br>G\u00fcvende olmalar\u0131 ve zarar g\u00f6rmemeleri i\u00e7in gereken \u00f6zenin g\u00f6sterildi\u011fi hissettirilmelidir.<br>Soru sormalar\u0131na izin verilmeli ve t\u00fcm sorular\u0131na dikkatlice cevap verilmelidir.<br>Duygular\u0131na anlay\u0131\u015f ve sayg\u0131 g\u00f6sterilmelidir.<\/p>\n\n\n\n<p><strong>GE\u00c7M\u0130\u015e OLSUN T\u00dcRK\u0130YE\u2026<\/strong><\/p>\n","protected":false},"excerpt":{"rendered":"<p>Kahramanmara\u015f merkezli olan ve &#8220;Asr\u0131n Felaketi&#8221; olarak nitelendirilen y\u0131k\u0131c\u0131 2 b\u00fcy\u00fck deprem sonras\u0131nda ya\u015fanan psikolojik ilk&#46;&#46;&#46;<\/p>\n","protected":false},"author":1,"featured_media":2775,"comment_status":"open","ping_status":"open","sticky":false,"template":"","format":"standard","meta":{"inline_featured_image":false,"footnotes":""},"categories":[82],"tags":[178,495,494,107],"manset":[],"class_list":["post-2773","post","type-post","status-publish","format-standard","has-post-thumbnail","hentry","category-gundem-haberleri","tag-deprem","tag-ilk-yardim","tag-psikolojik","tag-ub"],"_links":{"self":[{"href":"https:\/\/www.urfabugun.com\/index.php\/wp-json\/wp\/v2\/posts\/2773","targetHints":{"allow":["GET"]}}],"collection":[{"href":"https:\/\/www.urfabugun.com\/index.php\/wp-json\/wp\/v2\/posts"}],"about":[{"href":"https:\/\/www.urfabugun.com\/index.php\/wp-json\/wp\/v2\/types\/post"}],"author":[{"embeddable":true,"href":"https:\/\/www.urfabugun.com\/index.php\/wp-json\/wp\/v2\/users\/1"}],"replies":[{"embeddable":true,"href":"https:\/\/www.urfabugun.com\/index.php\/wp-json\/wp\/v2\/comments?post=2773"}],"version-history":[{"count":0,"href":"https:\/\/www.urfabugun.com\/index.php\/wp-json\/wp\/v2\/posts\/2773\/revisions"}],"wp:featuredmedia":[{"embeddable":true,"href":"https:\/\/www.urfabugun.com\/index.php\/wp-json\/wp\/v2\/media\/2775"}],"wp:attachment":[{"href":"https:\/\/www.urfabugun.com\/index.php\/wp-json\/wp\/v2\/media?parent=2773"}],"wp:term":[{"taxonomy":"category","embeddable":true,"href":"https:\/\/www.urfabugun.com\/index.php\/wp-json\/wp\/v2\/categories?post=2773"},{"taxonomy":"post_tag","embeddable":true,"href":"https:\/\/www.urfabugun.com\/index.php\/wp-json\/wp\/v2\/tags?post=2773"},{"taxonomy":"manset","embeddable":true,"href":"https:\/\/www.urfabugun.com\/index.php\/wp-json\/wp\/v2\/manset?post=2773"}],"curies":[{"name":"wp","href":"https:\/\/api.w.org\/{rel}","templated":true}]}}