{"id":2793,"date":"2023-02-19T14:38:52","date_gmt":"2023-02-19T11:38:52","guid":{"rendered":"https:\/\/www.urfabugun.com\/?p=2793"},"modified":"2023-02-19T14:38:58","modified_gmt":"2023-02-19T11:38:58","slug":"hatayda-yikilan-anaokulunun-enkazina-balonlar-baglandi","status":"publish","type":"post","link":"https:\/\/www.urfabugun.com\/index.php\/2023\/02\/19\/hatayda-yikilan-anaokulunun-enkazina-balonlar-baglandi\/","title":{"rendered":"Hatay&#8217;da Y\u0131k\u0131lan Anaokulunun Enkaz\u0131na Balonlar Ba\u011fland\u0131!"},"content":{"rendered":"\n<p><\/p>\n\n\n\n<p><strong>Hatay\u2019da depremde hayat\u0131n\u0131 kaybeden \u00e7ocuklar\u0131n an\u0131s\u0131na, enkaza balonlar ba\u011fland\u0131.<\/strong><\/p>\n\n\n\n<p>Kahramanmara\u015f merkezli depremlerden en \u00e7ok etkilenen illerden biri de Hatay oldu. Kentte moloz y\u0131\u011f\u0131n\u0131na d\u00f6nen bir anaokulunun enkaz\u0131na, depremde hayat\u0131n\u0131 kaybeden \u00e7ocuklar\u0131n an\u0131s\u0131na balonlar ba\u011fland\u0131.<\/p>\n\n\n\n<p><strong>B\u0130R\u00c7OK B\u0130NA YIKILDI, \u00c7OK SAYIDA CAN G\u0130TT\u0130<\/strong><\/p>\n\n\n\n<p>Kent genelinde onlarca bina y\u0131k\u0131l\u0131rken, \u00e7ok say\u0131da vatanda\u015f\u0131m\u0131z da hayat\u0131n\u0131 kaybetti. B\u00f6lgedeki enkazlarda arama kurtarma ve enkaz kald\u0131rma \u00e7al\u0131\u015fmalar\u0131 s\u00fcrerken, kentten gelen bir g\u00f6r\u00fcnt\u00fc, t\u00fcm T\u00fcrkiye\u2019yi duyguland\u0131rd\u0131.<\/p>\n\n\n\n<p><strong>ENKAZA BALONLAR BA\u011eLANDI<\/strong><\/p>\n\n\n\n<p>Hatay\u2019da depremle birlikte y\u0131k\u0131lan binalardan biri de anaokulu olarak kullan\u0131lan yap\u0131 oldu. Anaokulunun enkaz\u0131na, asr\u0131n felaketinde hayat\u0131n\u0131 kaybeden minikler i\u00e7in balonlar as\u0131ld\u0131. S\u00f6z konusu g\u00f6r\u00fcnt\u00fcler, sosyal medyan\u0131n da g\u00fcndemine oturdu<\/p>\n","protected":false},"excerpt":{"rendered":"<p>Hatay\u2019da depremde hayat\u0131n\u0131 kaybeden \u00e7ocuklar\u0131n an\u0131s\u0131na, enkaza balonlar ba\u011fland\u0131. Kahramanmara\u015f merkezli depremlerden en \u00e7ok etkilenen illerden&#46;&#46;&#46;<\/p>\n","protected":false},"author":2,"featured_media":2795,"comment_status":"open","ping_status":"open","sticky":false,"template":"","format":"standard","meta":{"inline_featured_image":false,"footnotes":""},"categories":[92],"tags":[404,178,505,504,118,131,107,93],"manset":[],"class_list":["post-2793","post","type-post","status-publish","format-standard","has-post-thumbnail","hentry","category-yasam-haberleri","tag-adiyaman","tag-deprem","tag-enkaza-balonlar-baglandi","tag-hatayda-depremde-hayatini-kaybeden-cocuklarin-anisina","tag-sanliurfa","tag-son-dakika","tag-ub","tag-ust"],"_links":{"self":[{"href":"https:\/\/www.urfabugun.com\/index.php\/wp-json\/wp\/v2\/posts\/2793","targetHints":{"allow":["GET"]}}],"collection":[{"href":"https:\/\/www.urfabugun.com\/index.php\/wp-json\/wp\/v2\/posts"}],"about":[{"href":"https:\/\/www.urfabugun.com\/index.php\/wp-json\/wp\/v2\/types\/post"}],"author":[{"embeddable":true,"href":"https:\/\/www.urfabugun.com\/index.php\/wp-json\/wp\/v2\/users\/2"}],"replies":[{"embeddable":true,"href":"https:\/\/www.urfabugun.com\/index.php\/wp-json\/wp\/v2\/comments?post=2793"}],"version-history":[{"count":0,"href":"https:\/\/www.urfabugun.com\/index.php\/wp-json\/wp\/v2\/posts\/2793\/revisions"}],"wp:featuredmedia":[{"embeddable":true,"href":"https:\/\/www.urfabugun.com\/index.php\/wp-json\/wp\/v2\/media\/2795"}],"wp:attachment":[{"href":"https:\/\/www.urfabugun.com\/index.php\/wp-json\/wp\/v2\/media?parent=2793"}],"wp:term":[{"taxonomy":"category","embeddable":true,"href":"https:\/\/www.urfabugun.com\/index.php\/wp-json\/wp\/v2\/categories?post=2793"},{"taxonomy":"post_tag","embeddable":true,"href":"https:\/\/www.urfabugun.com\/index.php\/wp-json\/wp\/v2\/tags?post=2793"},{"taxonomy":"manset","embeddable":true,"href":"https:\/\/www.urfabugun.com\/index.php\/wp-json\/wp\/v2\/manset?post=2793"}],"curies":[{"name":"wp","href":"https:\/\/api.w.org\/{rel}","templated":true}]}}