{"id":2811,"date":"2023-02-20T12:04:22","date_gmt":"2023-02-20T09:04:22","guid":{"rendered":"https:\/\/www.urfabugun.com\/?p=2811"},"modified":"2023-02-20T12:04:33","modified_gmt":"2023-02-20T09:04:33","slug":"urfanin-eski-burokratlarindan-tahir-kalkan-hayatini-kaybetti","status":"publish","type":"post","link":"https:\/\/www.urfabugun.com\/index.php\/2023\/02\/20\/urfanin-eski-burokratlarindan-tahir-kalkan-hayatini-kaybetti\/","title":{"rendered":"Urfa&#8217;n\u0131n Eski B\u00fcrokratlar\u0131ndan Tahir Kalkan, Hayat\u0131n\u0131 Kaybetti!"},"content":{"rendered":"\n<p><\/p>\n\n\n\n<p><strong>Amyotrofik Lateral Skleroz (ALS) hastal\u0131\u011f\u0131yla m\u00fccadele eden Karak\u00f6pr\u00fc Belediyesi eski Ba\u015fkan Yard\u0131mc\u0131s\u0131 ve Bozova Belediyesi eski Kayyum\u2019u Tahir Kalkan, ge\u00e7ti\u011fimiz g\u00fcnlerde fenala\u015farak hastaneye kald\u0131r\u0131ld\u0131.<\/strong><\/p>\n\n\n\n<p>Hastanenin yo\u011fun bak\u0131m \u00fcnitesinde tedavisi s\u00fcren Kalkan, ent\u00fcbe edildi. Uzun bir s\u00fcredir ent\u00fcbe tedavisi g\u00f6ren Tahir Kalkan, bu sabah doktorlar\u0131n t\u00fcm m\u00fcdahalelerine ra\u011fmen kurtar\u0131lamad\u0131.<\/p>\n\n\n\n<p>Kalkan\u2019\u0131n cenazesi Yeni Asri Camiinde \u00f6\u011fle namaz\u0131na m\u00fcteakiben k\u0131l\u0131nacak namaz\u0131n ard\u0131ndan Yeni Asri Aile Mezarl\u0131\u011f\u0131na defnedilecek.<\/p>\n\n\n\n<p>Kalkan ailesi, taziye ziyaretlerini Karak\u00f6pr\u00fc Gerger Taziye evinde kabul edece\u011fi \u00f6\u011frenildi.<\/p>\n","protected":false},"excerpt":{"rendered":"<p>Amyotrofik Lateral Skleroz (ALS) hastal\u0131\u011f\u0131yla m\u00fccadele eden Karak\u00f6pr\u00fc Belediyesi eski Ba\u015fkan Yard\u0131mc\u0131s\u0131 ve Bozova Belediyesi eski&#46;&#46;&#46;<\/p>\n","protected":false},"author":2,"featured_media":2814,"comment_status":"open","ping_status":"open","sticky":false,"template":"","format":"standard","meta":{"inline_featured_image":false,"footnotes":""},"categories":[92],"tags":[118,131,509,510,107,93],"manset":[],"class_list":["post-2811","post","type-post","status-publish","format-standard","has-post-thumbnail","hentry","category-yasam-haberleri","tag-sanliurfa","tag-son-dakika","tag-tahir-kalkan","tag-tahir-kalkan-hayatini-kaybetti","tag-ub","tag-ust"],"_links":{"self":[{"href":"https:\/\/www.urfabugun.com\/index.php\/wp-json\/wp\/v2\/posts\/2811","targetHints":{"allow":["GET"]}}],"collection":[{"href":"https:\/\/www.urfabugun.com\/index.php\/wp-json\/wp\/v2\/posts"}],"about":[{"href":"https:\/\/www.urfabugun.com\/index.php\/wp-json\/wp\/v2\/types\/post"}],"author":[{"embeddable":true,"href":"https:\/\/www.urfabugun.com\/index.php\/wp-json\/wp\/v2\/users\/2"}],"replies":[{"embeddable":true,"href":"https:\/\/www.urfabugun.com\/index.php\/wp-json\/wp\/v2\/comments?post=2811"}],"version-history":[{"count":0,"href":"https:\/\/www.urfabugun.com\/index.php\/wp-json\/wp\/v2\/posts\/2811\/revisions"}],"wp:featuredmedia":[{"embeddable":true,"href":"https:\/\/www.urfabugun.com\/index.php\/wp-json\/wp\/v2\/media\/2814"}],"wp:attachment":[{"href":"https:\/\/www.urfabugun.com\/index.php\/wp-json\/wp\/v2\/media?parent=2811"}],"wp:term":[{"taxonomy":"category","embeddable":true,"href":"https:\/\/www.urfabugun.com\/index.php\/wp-json\/wp\/v2\/categories?post=2811"},{"taxonomy":"post_tag","embeddable":true,"href":"https:\/\/www.urfabugun.com\/index.php\/wp-json\/wp\/v2\/tags?post=2811"},{"taxonomy":"manset","embeddable":true,"href":"https:\/\/www.urfabugun.com\/index.php\/wp-json\/wp\/v2\/manset?post=2811"}],"curies":[{"name":"wp","href":"https:\/\/api.w.org\/{rel}","templated":true}]}}