{"id":2854,"date":"2023-02-21T14:26:04","date_gmt":"2023-02-21T11:26:04","guid":{"rendered":"https:\/\/www.urfabugun.com\/?p=2854"},"modified":"2023-02-21T14:26:11","modified_gmt":"2023-02-21T11:26:11","slug":"sanliurfada-cok-sayida-emlak-ofisine-para-cezasi-uygulandi","status":"publish","type":"post","link":"https:\/\/www.urfabugun.com\/index.php\/2023\/02\/21\/sanliurfada-cok-sayida-emlak-ofisine-para-cezasi-uygulandi\/","title":{"rendered":"\u015eanl\u0131urfa\u2019da \u00c7ok Say\u0131da Emlak Ofisine Para Cezas\u0131 Uyguland\u0131!"},"content":{"rendered":"\n<p><\/p>\n\n\n\n<p><strong>\u015eanl\u0131urfa\u2019da ya\u015fanan deprem sonras\u0131 fahi\u015f fiyat art\u0131\u015flar\u0131 nedeni ile 21 emlak ofislerine yap\u0131lan denetimlerde, 14 emlak ofisine idari para cezas\u0131 uyguland\u0131.<\/strong><\/p>\n\n\n\n<p>Ticaret \u0130l M\u00fcd\u00fcrl\u00fc\u011f\u00fc koordinesinde, ekipler taraf\u0131ndan \u015eanl\u0131urfa\u2019da fahi\u015f fiyat art\u0131\u015flar\u0131 nedeni ile 21 emlak ofislerine yap\u0131lan denetimlerde, 14 emlak ofisine idari para cezas\u0131 uyguland\u0131.<\/p>\n\n\n\n<figure class=\"wp-block-image size-full\"><img loading=\"lazy\" decoding=\"async\" width=\"641\" height=\"380\" src=\"https:\/\/www.urfabugun.com\/wp-content\/uploads\/2023\/02\/ticaret-bakanlii.jpg\" alt=\"\" class=\"wp-image-2856\"\/><\/figure>\n\n\n\n<p><\/p>\n\n\n\n<p>\u015eanl\u0131urfa Valili\u011fi\u2019nden yap\u0131lan a\u00e7\u0131klamada \u015fu ifadeler yer ald\u0131:\u2018\u2019Ticaret \u0130l M\u00fcd\u00fcrl\u00fc\u011f\u00fcm\u00fcz\u00fcn koordinesinde, ekiplerimizce emlak ofislerine yap\u0131lan denetimlerde bug\u00fcn; 21 emlak ofisi denetlendi, 14 emlak ofisine idari para cezas\u0131 uyguland\u0131. Valimiz Salih Ayhan\u2019\u0131n defaatle belirtti\u011fi gibi, f\u0131rsat\u00e7\u0131lara asla g\u00f6z a\u00e7t\u0131rmayaca\u011f\u0131z!\u2019\u2019<\/p>\n","protected":false},"excerpt":{"rendered":"<p>\u015eanl\u0131urfa\u2019da ya\u015fanan deprem sonras\u0131 fahi\u015f fiyat art\u0131\u015flar\u0131 nedeni ile 21 emlak ofislerine yap\u0131lan denetimlerde, 14 emlak&#46;&#46;&#46;<\/p>\n","protected":false},"author":2,"featured_media":2857,"comment_status":"open","ping_status":"open","sticky":false,"template":"","format":"standard","meta":{"inline_featured_image":false,"footnotes":""},"categories":[82],"tags":[178,448,525,118,527,526,131,93],"manset":[],"class_list":["post-2854","post","type-post","status-publish","format-standard","has-post-thumbnail","hentry","category-gundem-haberleri","tag-deprem","tag-emlak","tag-gayrimenkul","tag-sanliurfa","tag-sanliurfa-emlak-ofislerine-para-cezasi","tag-sanliurfada-kiralik-daire","tag-son-dakika","tag-ust"],"_links":{"self":[{"href":"https:\/\/www.urfabugun.com\/index.php\/wp-json\/wp\/v2\/posts\/2854","targetHints":{"allow":["GET"]}}],"collection":[{"href":"https:\/\/www.urfabugun.com\/index.php\/wp-json\/wp\/v2\/posts"}],"about":[{"href":"https:\/\/www.urfabugun.com\/index.php\/wp-json\/wp\/v2\/types\/post"}],"author":[{"embeddable":true,"href":"https:\/\/www.urfabugun.com\/index.php\/wp-json\/wp\/v2\/users\/2"}],"replies":[{"embeddable":true,"href":"https:\/\/www.urfabugun.com\/index.php\/wp-json\/wp\/v2\/comments?post=2854"}],"version-history":[{"count":0,"href":"https:\/\/www.urfabugun.com\/index.php\/wp-json\/wp\/v2\/posts\/2854\/revisions"}],"wp:featuredmedia":[{"embeddable":true,"href":"https:\/\/www.urfabugun.com\/index.php\/wp-json\/wp\/v2\/media\/2857"}],"wp:attachment":[{"href":"https:\/\/www.urfabugun.com\/index.php\/wp-json\/wp\/v2\/media?parent=2854"}],"wp:term":[{"taxonomy":"category","embeddable":true,"href":"https:\/\/www.urfabugun.com\/index.php\/wp-json\/wp\/v2\/categories?post=2854"},{"taxonomy":"post_tag","embeddable":true,"href":"https:\/\/www.urfabugun.com\/index.php\/wp-json\/wp\/v2\/tags?post=2854"},{"taxonomy":"manset","embeddable":true,"href":"https:\/\/www.urfabugun.com\/index.php\/wp-json\/wp\/v2\/manset?post=2854"}],"curies":[{"name":"wp","href":"https:\/\/api.w.org\/{rel}","templated":true}]}}