{"id":2868,"date":"2023-02-21T20:08:50","date_gmt":"2023-02-21T17:08:50","guid":{"rendered":"https:\/\/www.urfabugun.com\/?p=2868"},"modified":"2023-02-21T20:09:33","modified_gmt":"2023-02-21T17:09:33","slug":"asrin-felaketinde-icisleri-bakanligindan-kritik-genelge","status":"publish","type":"post","link":"https:\/\/www.urfabugun.com\/index.php\/2023\/02\/21\/asrin-felaketinde-icisleri-bakanligindan-kritik-genelge\/","title":{"rendered":"Asr\u0131n Felaketinde \u0130\u00e7i\u015fleri Bakanl\u0131\u011f\u0131\u2019ndan Kritik Genelge!"},"content":{"rendered":"\n<p><\/p>\n\n\n\n<p><strong>\u0130\u00e7i\u015fleri Bakanl\u0131\u011f\u0131 deprem b\u00f6lgesindeki afetzedelerin hasarl\u0131 yap\u0131lardaki e\u015fyalar\u0131n\u0131n tahliyesine y\u00f6nelik genelge yay\u0131mlad\u0131.<\/strong><\/p>\n\n\n\n<p>\u0130\u00e7i\u015fleri Bakanl\u0131\u011f\u0131\u2019n\u0131n \u00c7evre, \u015eehircilik ve \u0130klim De\u011fi\u015fikli\u011fi Bakanl\u0131\u011f\u0131 ile ortak \u00e7al\u0131\u015fma sonucu, deprem b\u00f6lgelerinde \u201cy\u0131k\u0131k\u201d, \u201cacil y\u0131kt\u0131r\u0131lacak\u201d ve \u201ca\u011f\u0131r hasarl\u0131\u201d yap\u0131lardaki e\u015fyalar\u0131n tahliyelerine y\u00f6nelik esaslar belirlendi.<\/p>\n\n\n\n<figure class=\"wp-block-image size-full\"><img loading=\"lazy\" decoding=\"async\" width=\"974\" height=\"548\" src=\"https:\/\/www.urfabugun.com\/wp-content\/uploads\/2023\/02\/ern-1.jpg\" alt=\"\" class=\"wp-image-2870\"\/><\/figure>\n\n\n\n<p><strong>YIKIK VE AC\u0130L YIKTIRILACAK YAPILARA G\u0130R\u0130\u015e KES\u0130NL\u0130KLE YASAK<\/strong><\/p>\n\n\n\n<p>Bu kapsamda, AFAD taraf\u0131ndan haz\u0131rlanan genelgede, afet g\u00f6ren alanlarda \u201cy\u0131k\u0131k\u201d ve \u201cacil y\u0131kt\u0131r\u0131lacak yap\u0131\u201d niteli\u011finde oldu\u011fu belirlenen yap\u0131lara k\u0131sa s\u00fcreli\u011fine de olsa girilmesi ve e\u015fya al\u0131nmas\u0131n\u0131n kesinlikle yasak oldu\u011fu belirtildi.<\/p>\n","protected":false},"excerpt":{"rendered":"<p>\u0130\u00e7i\u015fleri Bakanl\u0131\u011f\u0131 deprem b\u00f6lgesindeki afetzedelerin hasarl\u0131 yap\u0131lardaki e\u015fyalar\u0131n\u0131n tahliyesine y\u00f6nelik genelge yay\u0131mlad\u0131. \u0130\u00e7i\u015fleri Bakanl\u0131\u011f\u0131\u2019n\u0131n \u00c7evre, \u015eehircilik&#46;&#46;&#46;<\/p>\n","protected":false},"author":2,"featured_media":2871,"comment_status":"open","ping_status":"open","sticky":false,"template":"","format":"standard","meta":{"inline_featured_image":false,"footnotes":""},"categories":[82],"tags":[178,534,532,533,118,131,107],"manset":[],"class_list":["post-2868","post","type-post","status-publish","format-standard","has-post-thumbnail","hentry","category-gundem-haberleri","tag-deprem","tag-genelge","tag-icisleri-bakanligi","tag-icisleri-bakanligindan-deprem-genelgesi","tag-sanliurfa","tag-son-dakika","tag-ub"],"_links":{"self":[{"href":"https:\/\/www.urfabugun.com\/index.php\/wp-json\/wp\/v2\/posts\/2868","targetHints":{"allow":["GET"]}}],"collection":[{"href":"https:\/\/www.urfabugun.com\/index.php\/wp-json\/wp\/v2\/posts"}],"about":[{"href":"https:\/\/www.urfabugun.com\/index.php\/wp-json\/wp\/v2\/types\/post"}],"author":[{"embeddable":true,"href":"https:\/\/www.urfabugun.com\/index.php\/wp-json\/wp\/v2\/users\/2"}],"replies":[{"embeddable":true,"href":"https:\/\/www.urfabugun.com\/index.php\/wp-json\/wp\/v2\/comments?post=2868"}],"version-history":[{"count":0,"href":"https:\/\/www.urfabugun.com\/index.php\/wp-json\/wp\/v2\/posts\/2868\/revisions"}],"wp:featuredmedia":[{"embeddable":true,"href":"https:\/\/www.urfabugun.com\/index.php\/wp-json\/wp\/v2\/media\/2871"}],"wp:attachment":[{"href":"https:\/\/www.urfabugun.com\/index.php\/wp-json\/wp\/v2\/media?parent=2868"}],"wp:term":[{"taxonomy":"category","embeddable":true,"href":"https:\/\/www.urfabugun.com\/index.php\/wp-json\/wp\/v2\/categories?post=2868"},{"taxonomy":"post_tag","embeddable":true,"href":"https:\/\/www.urfabugun.com\/index.php\/wp-json\/wp\/v2\/tags?post=2868"},{"taxonomy":"manset","embeddable":true,"href":"https:\/\/www.urfabugun.com\/index.php\/wp-json\/wp\/v2\/manset?post=2868"}],"curies":[{"name":"wp","href":"https:\/\/api.w.org\/{rel}","templated":true}]}}