{"id":2874,"date":"2023-02-21T20:17:20","date_gmt":"2023-02-21T17:17:20","guid":{"rendered":"https:\/\/www.urfabugun.com\/?p=2874"},"modified":"2023-02-21T20:17:26","modified_gmt":"2023-02-21T17:17:26","slug":"kilometrelerce-uzanan-fay-hatti-havadan-goruntulendi","status":"publish","type":"post","link":"https:\/\/www.urfabugun.com\/index.php\/2023\/02\/21\/kilometrelerce-uzanan-fay-hatti-havadan-goruntulendi\/","title":{"rendered":"Kilometrelerce Uzanan Fay Hatt\u0131 Havadan G\u00f6r\u00fcnt\u00fclendi!"},"content":{"rendered":"\n<p><\/p>\n\n\n\n<p><strong>Kahramanmara\u015f&#8217;ta kilometrelerce uzunlu\u011fundaki fay hatt\u0131 dron ile g\u00f6r\u00fcnt\u00fclendi. K\u0131r\u0131lan fay hatt\u0131n\u0131n yans\u0131d\u0131\u011f\u0131 g\u00f6r\u00fcnt\u00fclerde tarlalar\u0131n ikiye b\u00f6l\u00fcnd\u00fc\u011f\u00fc g\u00f6zlenirken, depremin \u015fiddeti de bir kez daha g\u00f6zler \u00f6n\u00fcne serildi.<\/strong><\/p>\n\n\n\n<p><strong>HAVADAN FAY ATTI!<\/strong><\/p>\n\n\n\n<p>Merkez \u00fcss\u00fc Kahramanmara\u015f olan ve 10 ili etkileyen depremde nedeniyle \u00e7ok say\u0131da ki\u015fi hayat\u0131n\u0131 kaybederken, binlerce bina da y\u0131k\u0131ld\u0131. B\u00f6lge adeta be\u015fik gibi sallan\u0131rken, deprem belgeseli \u00e7eken g\u00f6r\u00fcnt\u00fc y\u00f6netmeni Muhammet K\u00f6sem de Kahramanmara\u015f&#8217;ta kilometrelerce uzanan fay hatt\u0131n\u0131 havadan g\u00f6r\u00fcnt\u00fcledi.<\/p>\n","protected":false},"excerpt":{"rendered":"<p>Kahramanmara\u015f&#8217;ta kilometrelerce uzunlu\u011fundaki fay hatt\u0131 dron ile g\u00f6r\u00fcnt\u00fclendi. K\u0131r\u0131lan fay hatt\u0131n\u0131n yans\u0131d\u0131\u011f\u0131 g\u00f6r\u00fcnt\u00fclerde tarlalar\u0131n ikiye b\u00f6l\u00fcnd\u00fc\u011f\u00fc&#46;&#46;&#46;<\/p>\n","protected":false},"author":2,"featured_media":2876,"comment_status":"open","ping_status":"open","sticky":false,"template":"","format":"standard","meta":{"inline_featured_image":false,"footnotes":""},"categories":[82],"tags":[178,536,535,118,131,107,93],"manset":[],"class_list":["post-2874","post","type-post","status-publish","format-standard","has-post-thumbnail","hentry","category-gundem-haberleri","tag-deprem","tag-kahramanmaras-fay-atti","tag-maras","tag-sanliurfa","tag-son-dakika","tag-ub","tag-ust"],"_links":{"self":[{"href":"https:\/\/www.urfabugun.com\/index.php\/wp-json\/wp\/v2\/posts\/2874","targetHints":{"allow":["GET"]}}],"collection":[{"href":"https:\/\/www.urfabugun.com\/index.php\/wp-json\/wp\/v2\/posts"}],"about":[{"href":"https:\/\/www.urfabugun.com\/index.php\/wp-json\/wp\/v2\/types\/post"}],"author":[{"embeddable":true,"href":"https:\/\/www.urfabugun.com\/index.php\/wp-json\/wp\/v2\/users\/2"}],"replies":[{"embeddable":true,"href":"https:\/\/www.urfabugun.com\/index.php\/wp-json\/wp\/v2\/comments?post=2874"}],"version-history":[{"count":0,"href":"https:\/\/www.urfabugun.com\/index.php\/wp-json\/wp\/v2\/posts\/2874\/revisions"}],"wp:featuredmedia":[{"embeddable":true,"href":"https:\/\/www.urfabugun.com\/index.php\/wp-json\/wp\/v2\/media\/2876"}],"wp:attachment":[{"href":"https:\/\/www.urfabugun.com\/index.php\/wp-json\/wp\/v2\/media?parent=2874"}],"wp:term":[{"taxonomy":"category","embeddable":true,"href":"https:\/\/www.urfabugun.com\/index.php\/wp-json\/wp\/v2\/categories?post=2874"},{"taxonomy":"post_tag","embeddable":true,"href":"https:\/\/www.urfabugun.com\/index.php\/wp-json\/wp\/v2\/tags?post=2874"},{"taxonomy":"manset","embeddable":true,"href":"https:\/\/www.urfabugun.com\/index.php\/wp-json\/wp\/v2\/manset?post=2874"}],"curies":[{"name":"wp","href":"https:\/\/api.w.org\/{rel}","templated":true}]}}