{"id":2882,"date":"2023-02-22T11:03:05","date_gmt":"2023-02-22T08:03:05","guid":{"rendered":"https:\/\/www.urfabugun.com\/?p=2882"},"modified":"2023-02-22T11:03:33","modified_gmt":"2023-02-22T08:03:33","slug":"bakan-kocadan-sakalini-neden-kesmedigini-acikladi","status":"publish","type":"post","link":"https:\/\/www.urfabugun.com\/index.php\/2023\/02\/22\/bakan-kocadan-sakalini-neden-kesmedigini-acikladi\/","title":{"rendered":"Bakan Koca Sakal\u0131n\u0131 Neden Kesmedi\u011fini A\u00e7\u0131klad\u0131!"},"content":{"rendered":"\n<p><\/p>\n\n\n\n<p><strong>B\u00f6lgedeki \u00e7al\u0131\u015fmalar\u0131 yak\u0131ndan takip eden \u00c7evre ve \u015eehircilik Bakan\u0131 Murat Kurum, \u0130\u00e7i\u015fleri Bakan\u0131 S\u00fcleyman Soylu ve Sa\u011fl\u0131k Bakan\u0131 Fahrettin Koca gibi isimlerin sakallar\u0131n\u0131 kesmemesi ise sosyal medyada g\u00fcndeme gelen konulardan biri oldu.<\/strong><\/p>\n\n\n\n<p>Sa\u011fl\u0131k Bakan\u0131 Fahrettin Koca, Kahramanmara\u015f merkezli depremlerin ard\u0131ndan neden sakallar\u0131n\u0131 kesmedi\u011fine ili\u015fkin soruya yan\u0131t verdi. Defin i\u015flemlerinin bitmedi\u011fini ifade eden Bakan Koca, &#8220;Yas\u0131m\u0131z devam ediyor. Anadolu&#8217;da cenaze sahibi definden sonra sakal\u0131n\u0131 keser. Benim, do\u011frusu arama kurtarma faaliyetleri bitmeden kesmek i\u00e7imden gelmiyor, kesemedim&#8221; diye konu\u015ftu.<\/p>\n","protected":false},"excerpt":{"rendered":"<p>B\u00f6lgedeki \u00e7al\u0131\u015fmalar\u0131 yak\u0131ndan takip eden \u00c7evre ve \u015eehircilik Bakan\u0131 Murat Kurum, \u0130\u00e7i\u015fleri Bakan\u0131 S\u00fcleyman Soylu ve&#46;&#46;&#46;<\/p>\n","protected":false},"author":2,"featured_media":2885,"comment_status":"open","ping_status":"open","sticky":false,"template":"","format":"standard","meta":{"inline_featured_image":false,"footnotes":""},"categories":[82],"tags":[178,541,542,118,131,543,93],"manset":[],"class_list":["post-2882","post","type-post","status-publish","format-standard","has-post-thumbnail","hentry","category-gundem-haberleri","tag-deprem","tag-fahrettin-koca","tag-saglik-bakani","tag-sanliurfa","tag-son-dakika","tag-suleyman-soylu","tag-ust"],"_links":{"self":[{"href":"https:\/\/www.urfabugun.com\/index.php\/wp-json\/wp\/v2\/posts\/2882","targetHints":{"allow":["GET"]}}],"collection":[{"href":"https:\/\/www.urfabugun.com\/index.php\/wp-json\/wp\/v2\/posts"}],"about":[{"href":"https:\/\/www.urfabugun.com\/index.php\/wp-json\/wp\/v2\/types\/post"}],"author":[{"embeddable":true,"href":"https:\/\/www.urfabugun.com\/index.php\/wp-json\/wp\/v2\/users\/2"}],"replies":[{"embeddable":true,"href":"https:\/\/www.urfabugun.com\/index.php\/wp-json\/wp\/v2\/comments?post=2882"}],"version-history":[{"count":0,"href":"https:\/\/www.urfabugun.com\/index.php\/wp-json\/wp\/v2\/posts\/2882\/revisions"}],"wp:featuredmedia":[{"embeddable":true,"href":"https:\/\/www.urfabugun.com\/index.php\/wp-json\/wp\/v2\/media\/2885"}],"wp:attachment":[{"href":"https:\/\/www.urfabugun.com\/index.php\/wp-json\/wp\/v2\/media?parent=2882"}],"wp:term":[{"taxonomy":"category","embeddable":true,"href":"https:\/\/www.urfabugun.com\/index.php\/wp-json\/wp\/v2\/categories?post=2882"},{"taxonomy":"post_tag","embeddable":true,"href":"https:\/\/www.urfabugun.com\/index.php\/wp-json\/wp\/v2\/tags?post=2882"},{"taxonomy":"manset","embeddable":true,"href":"https:\/\/www.urfabugun.com\/index.php\/wp-json\/wp\/v2\/manset?post=2882"}],"curies":[{"name":"wp","href":"https:\/\/api.w.org\/{rel}","templated":true}]}}