{"id":2910,"date":"2023-02-22T19:06:20","date_gmt":"2023-02-22T16:06:20","guid":{"rendered":"https:\/\/www.urfabugun.com\/?p=2910"},"modified":"2023-02-22T19:06:27","modified_gmt":"2023-02-22T16:06:27","slug":"okul-binalarinda-tadilat-ve-onarim-calismasi-baslatildi","status":"publish","type":"post","link":"https:\/\/www.urfabugun.com\/index.php\/2023\/02\/22\/okul-binalarinda-tadilat-ve-onarim-calismasi-baslatildi\/","title":{"rendered":"Okul Binalar\u0131nda Tadilat Ve Onar\u0131m \u00c7al\u0131\u015fmas\u0131 Ba\u015flat\u0131ld\u0131!"},"content":{"rendered":"\n<p><\/p>\n\n\n\n<p><strong>E\u011fitim \u00f6\u011fretime 1 Mart\u2019ta ba\u015flanacak \u015eanl\u0131urfa\u2019da, \u00c7evre, \u015eehircilik ve \u0130klim De\u011fi\u015fikli\u011fi \u0130l M\u00fcd\u00fcrl\u00fc\u011f\u00fc g\u00f6revlilerince okullarda hasar tespit \u00e7al\u0131\u015fmalar\u0131 yap\u0131l\u0131yor.<\/strong><\/p>\n\n\n\n<p>Kent genelindeki 677 okul binas\u0131n\u0131n az hasarl\u0131 oldu\u011fu belirlendi. Bu kapsamda \u0130l Milli M\u00fcd\u00fcrl\u00fc\u011f\u00fcnce okul binalar\u0131nda tadilat ve onar\u0131m \u00e7al\u0131\u015fmas\u0131 ba\u015flat\u0131ld\u0131.<\/p>\n\n\n\n<p>\u00c7evre, \u015eehircilik ve \u0130klim De\u011fi\u015fikli\u011fi \u0130l M\u00fcd\u00fcrl\u00fc\u011f\u00fc m\u00fchendislerince okullarda yap\u0131lan hasar tespit \u00e7al\u0131\u015fmalar\u0131n\u0131n devam etti\u011fini belirten \u0130l Milli E\u011fitim M\u00fcd\u00fcr\u00fc Fevzi Kurt, \u201cBu \u00e7al\u0131\u015fmalar kapsam\u0131nda okullar\u0131m\u0131zda hasars\u0131z, az, orta ve a\u011f\u0131r hasarl\u0131 binalar\u0131m\u0131z tespit ediliyor. Hasars\u0131z binalar\u0131m\u0131zda 1 Mart\u2019ta e\u011fitim \u00f6\u011fretime ba\u015flayaca\u011f\u0131z. \u015eu anda az hasarl\u0131 okullar\u0131m\u0131zda tamirat tadilat \u00e7al\u0131\u015fmalar\u0131 ba\u015flatt\u0131k. Bu okullar\u0131m\u0131z\u0131 1 Mart\u2019ta yeti\u015ftirip di\u011fer hasars\u0131z okullar\u0131m\u0131zla birlikte e\u011fitim \u00f6\u011fretime a\u00e7may\u0131 planl\u0131yoruz.\u201d diye konu\u015ftu.<\/p>\n","protected":false},"excerpt":{"rendered":"<p>E\u011fitim \u00f6\u011fretime 1 Mart\u2019ta ba\u015flanacak \u015eanl\u0131urfa\u2019da, \u00c7evre, \u015eehircilik ve \u0130klim De\u011fi\u015fikli\u011fi \u0130l M\u00fcd\u00fcrl\u00fc\u011f\u00fc g\u00f6revlilerince okullarda hasar&#46;&#46;&#46;<\/p>\n","protected":false},"author":2,"featured_media":2912,"comment_status":"open","ping_status":"open","sticky":false,"template":"","format":"standard","meta":{"inline_featured_image":false,"footnotes":""},"categories":[79],"tags":[178,191,190,559,131,107,93],"manset":[],"class_list":["post-2910","post","type-post","status-publish","format-standard","has-post-thumbnail","hentry","category-egitim-haberleri","tag-deprem","tag-egitim","tag-okul","tag-okullarda-onarim-calismasi","tag-son-dakika","tag-ub","tag-ust"],"_links":{"self":[{"href":"https:\/\/www.urfabugun.com\/index.php\/wp-json\/wp\/v2\/posts\/2910","targetHints":{"allow":["GET"]}}],"collection":[{"href":"https:\/\/www.urfabugun.com\/index.php\/wp-json\/wp\/v2\/posts"}],"about":[{"href":"https:\/\/www.urfabugun.com\/index.php\/wp-json\/wp\/v2\/types\/post"}],"author":[{"embeddable":true,"href":"https:\/\/www.urfabugun.com\/index.php\/wp-json\/wp\/v2\/users\/2"}],"replies":[{"embeddable":true,"href":"https:\/\/www.urfabugun.com\/index.php\/wp-json\/wp\/v2\/comments?post=2910"}],"version-history":[{"count":0,"href":"https:\/\/www.urfabugun.com\/index.php\/wp-json\/wp\/v2\/posts\/2910\/revisions"}],"wp:featuredmedia":[{"embeddable":true,"href":"https:\/\/www.urfabugun.com\/index.php\/wp-json\/wp\/v2\/media\/2912"}],"wp:attachment":[{"href":"https:\/\/www.urfabugun.com\/index.php\/wp-json\/wp\/v2\/media?parent=2910"}],"wp:term":[{"taxonomy":"category","embeddable":true,"href":"https:\/\/www.urfabugun.com\/index.php\/wp-json\/wp\/v2\/categories?post=2910"},{"taxonomy":"post_tag","embeddable":true,"href":"https:\/\/www.urfabugun.com\/index.php\/wp-json\/wp\/v2\/tags?post=2910"},{"taxonomy":"manset","embeddable":true,"href":"https:\/\/www.urfabugun.com\/index.php\/wp-json\/wp\/v2\/manset?post=2910"}],"curies":[{"name":"wp","href":"https:\/\/api.w.org\/{rel}","templated":true}]}}