{"id":2914,"date":"2023-02-22T20:41:47","date_gmt":"2023-02-22T17:41:47","guid":{"rendered":"https:\/\/www.urfabugun.com\/?p=2914"},"modified":"2023-02-22T20:41:53","modified_gmt":"2023-02-22T17:41:53","slug":"bakan-kocadan-kritik-uyari","status":"publish","type":"post","link":"https:\/\/www.urfabugun.com\/index.php\/2023\/02\/22\/bakan-kocadan-kritik-uyari\/","title":{"rendered":"Bakan Koca\u2019dan Kritik Uyar\u0131!"},"content":{"rendered":"\n<p><\/p>\n\n\n\n<p><strong>Sa\u011fl\u0131k Bakan\u0131 Fahrettin Koca\u2019dan deprem b\u00f6lgesinde su t\u00fcketimiyle ilgili kritik bir uyar\u0131 geldi. Ge\u00e7ti\u011fimiz g\u00fcn Hatay&#8217;da \u00e7al\u0131\u015fmalar hakk\u0131nda a\u00e7\u0131klama yapan Sa\u011fl\u0131k Bakan\u0131 Fahrettin Koca musluk suyu konusunda yeniden uyard\u0131.<\/strong><\/p>\n\n\n\n<p>Kentteki can kay\u0131plar\u0131 ve yaral\u0131lara ili\u015fkin bilgi veren Bakan Koca, &#8220;Musluk, yani \u015febeke suyu ancak temizlik i\u00e7in kullan\u0131labilir. Bu uyar\u0131y\u0131 bir an bile unutmamal\u0131y\u0131z&#8221; dedi ve musluk suyunun i\u00e7ilebilece\u011fi tarih i\u00e7in Hatay Valili\u011finden gelecek a\u00e7\u0131klamay\u0131 i\u015faret etti.<\/p>\n\n\n\n<p>Bakan Koca deprem b\u00f6lgelerinde bir s\u00fcre daha musluk sular\u0131n\u0131n i\u00e7ilmemesi konusunda uyararak, &#8220;\u0130\u00e7me ve temizlik i\u00e7in kullan\u0131lan sular\u0131 hastal\u0131\u011fa yol a\u00e7\u0131p a\u00e7mamas\u0131 bak\u0131m\u0131ndan g\u00f6zetiyoruz. Bir s\u00fcre daha bu sular\u0131 kullanmaman\u0131z\u0131 istiyoruz. Musluk suyunu ne zaman i\u00e7ebilece\u011fimizi Hatay Valili\u011fi duyuracak. O zamana kadar musluk suyu \u015febeke suyu temizlik i\u00e7in kullan\u0131labilecek. Musluk suyunu asla i\u00e7me suyu olarak kullanm\u0131yoruz&#8221; dedi.<\/p>\n","protected":false},"excerpt":{"rendered":"<p>Sa\u011fl\u0131k Bakan\u0131 Fahrettin Koca\u2019dan deprem b\u00f6lgesinde su t\u00fcketimiyle ilgili kritik bir uyar\u0131 geldi. Ge\u00e7ti\u011fimiz g\u00fcn Hatay&#8217;da&#46;&#46;&#46;<\/p>\n","protected":false},"author":2,"featured_media":2916,"comment_status":"open","ping_status":"open","sticky":false,"template":"","format":"standard","meta":{"inline_featured_image":false,"footnotes":""},"categories":[87],"tags":[560,541,542,118,131,107,93],"manset":[],"class_list":["post-2914","post","type-post","status-publish","format-standard","has-post-thumbnail","hentry","category-saglik-haberleri","tag-bakan-kocadan-kritik-uyari","tag-fahrettin-koca","tag-saglik-bakani","tag-sanliurfa","tag-son-dakika","tag-ub","tag-ust"],"_links":{"self":[{"href":"https:\/\/www.urfabugun.com\/index.php\/wp-json\/wp\/v2\/posts\/2914","targetHints":{"allow":["GET"]}}],"collection":[{"href":"https:\/\/www.urfabugun.com\/index.php\/wp-json\/wp\/v2\/posts"}],"about":[{"href":"https:\/\/www.urfabugun.com\/index.php\/wp-json\/wp\/v2\/types\/post"}],"author":[{"embeddable":true,"href":"https:\/\/www.urfabugun.com\/index.php\/wp-json\/wp\/v2\/users\/2"}],"replies":[{"embeddable":true,"href":"https:\/\/www.urfabugun.com\/index.php\/wp-json\/wp\/v2\/comments?post=2914"}],"version-history":[{"count":0,"href":"https:\/\/www.urfabugun.com\/index.php\/wp-json\/wp\/v2\/posts\/2914\/revisions"}],"wp:featuredmedia":[{"embeddable":true,"href":"https:\/\/www.urfabugun.com\/index.php\/wp-json\/wp\/v2\/media\/2916"}],"wp:attachment":[{"href":"https:\/\/www.urfabugun.com\/index.php\/wp-json\/wp\/v2\/media?parent=2914"}],"wp:term":[{"taxonomy":"category","embeddable":true,"href":"https:\/\/www.urfabugun.com\/index.php\/wp-json\/wp\/v2\/categories?post=2914"},{"taxonomy":"post_tag","embeddable":true,"href":"https:\/\/www.urfabugun.com\/index.php\/wp-json\/wp\/v2\/tags?post=2914"},{"taxonomy":"manset","embeddable":true,"href":"https:\/\/www.urfabugun.com\/index.php\/wp-json\/wp\/v2\/manset?post=2914"}],"curies":[{"name":"wp","href":"https:\/\/api.w.org\/{rel}","templated":true}]}}