{"id":2931,"date":"2023-02-23T15:12:07","date_gmt":"2023-02-23T12:12:07","guid":{"rendered":"https:\/\/www.urfabugun.com\/?p=2931"},"modified":"2023-02-23T15:12:13","modified_gmt":"2023-02-23T12:12:13","slug":"merkez-bankasi-faiz-karari-aciklandi","status":"publish","type":"post","link":"https:\/\/www.urfabugun.com\/index.php\/2023\/02\/23\/merkez-bankasi-faiz-karari-aciklandi\/","title":{"rendered":"<strong>Merkez Bankas\u0131 Faiz Karar\u0131 A\u00e7\u0131kland\u0131!<\/strong>"},"content":{"rendered":"\n<p><\/p>\n\n\n\n<p><strong>Merkez Bankas\u0131 politika faizini bug\u00fcn 50 baz puan daha d\u00fc\u015f\u00fcrerek y\u00fczde 8,5&#8217;e indirdi. Depremin ard\u0131ndan piyasada faiz indirimi beklentisi artm\u0131\u015ft\u0131.<\/strong><\/p>\n\n\n\n<p>Merkez Bankas\u0131 50 baz puanl\u0131k faiz indirimine gitti. Politika faizini y\u00fczde 8.5&#8217;e \u00e7ekti. PPK karar metninde &#8220;Depremin yak\u0131n vadede ekonomik aktiviteyi etkilemesi beklenmekle birlikte orta vadede T\u00fcrkiye ekonomisinin performans\u0131 \u00fczerinde kal\u0131c\u0131 bir etkide bulunmayaca\u011f\u0131 \u00f6ng\u00f6r\u00fclmektedir&#8221; de\u011ferlendirmesi yer ald\u0131. Metinde &#8216;\u00f6l\u00e7\u00fcl\u00fc indirim&#8217; sonras\u0131 para politikas\u0131 duru\u015funun fiyat istikrar\u0131 ve finansal istikrar\u0131 koruyarak deprem sonras\u0131 gerekli toparlanmay\u0131 desteklemek i\u00e7in yeterli oldu\u011fu belirtildi<\/p>\n","protected":false},"excerpt":{"rendered":"<p>Merkez Bankas\u0131 politika faizini bug\u00fcn 50 baz puan daha d\u00fc\u015f\u00fcrerek y\u00fczde 8,5&#8217;e indirdi. Depremin ard\u0131ndan piyasada&#46;&#46;&#46;<\/p>\n","protected":false},"author":2,"featured_media":2933,"comment_status":"open","ping_status":"open","sticky":false,"template":"","format":"standard","meta":{"inline_featured_image":false,"footnotes":""},"categories":[80],"tags":[178,566,565,118,131,107],"manset":[],"class_list":["post-2931","post","type-post","status-publish","format-standard","has-post-thumbnail","hentry","category-ekonomi-haberleri","tag-deprem","tag-faiz-indirimi","tag-merkez-bankasi-2","tag-sanliurfa","tag-son-dakika","tag-ub"],"_links":{"self":[{"href":"https:\/\/www.urfabugun.com\/index.php\/wp-json\/wp\/v2\/posts\/2931","targetHints":{"allow":["GET"]}}],"collection":[{"href":"https:\/\/www.urfabugun.com\/index.php\/wp-json\/wp\/v2\/posts"}],"about":[{"href":"https:\/\/www.urfabugun.com\/index.php\/wp-json\/wp\/v2\/types\/post"}],"author":[{"embeddable":true,"href":"https:\/\/www.urfabugun.com\/index.php\/wp-json\/wp\/v2\/users\/2"}],"replies":[{"embeddable":true,"href":"https:\/\/www.urfabugun.com\/index.php\/wp-json\/wp\/v2\/comments?post=2931"}],"version-history":[{"count":0,"href":"https:\/\/www.urfabugun.com\/index.php\/wp-json\/wp\/v2\/posts\/2931\/revisions"}],"wp:featuredmedia":[{"embeddable":true,"href":"https:\/\/www.urfabugun.com\/index.php\/wp-json\/wp\/v2\/media\/2933"}],"wp:attachment":[{"href":"https:\/\/www.urfabugun.com\/index.php\/wp-json\/wp\/v2\/media?parent=2931"}],"wp:term":[{"taxonomy":"category","embeddable":true,"href":"https:\/\/www.urfabugun.com\/index.php\/wp-json\/wp\/v2\/categories?post=2931"},{"taxonomy":"post_tag","embeddable":true,"href":"https:\/\/www.urfabugun.com\/index.php\/wp-json\/wp\/v2\/tags?post=2931"},{"taxonomy":"manset","embeddable":true,"href":"https:\/\/www.urfabugun.com\/index.php\/wp-json\/wp\/v2\/manset?post=2931"}],"curies":[{"name":"wp","href":"https:\/\/api.w.org\/{rel}","templated":true}]}}