{"id":3032,"date":"2023-02-25T13:31:03","date_gmt":"2023-02-25T10:31:03","guid":{"rendered":"https:\/\/www.urfabugun.com\/?p=3032"},"modified":"2023-02-25T14:09:11","modified_gmt":"2023-02-25T11:09:11","slug":"baskan-tokmak-cozum-onerilerini-anlatti","status":"publish","type":"post","link":"https:\/\/www.urfabugun.com\/index.php\/2023\/02\/25\/baskan-tokmak-cozum-onerilerini-anlatti\/","title":{"rendered":"Ba\u015fkan Tokmak \u00c7\u00f6z\u00fcm \u00d6nerilerini Anlatt\u0131!"},"content":{"rendered":"\n<p><\/p>\n\n\n\n<p><strong>\u015eanl\u0131urfa T\u00fcm Emlak\u00e7\u0131lar Odas\u0131 Ba\u015fkan\u0131 (\u015eutem) Selahattin Tokmak Kahramanmara\u015f merkezli meydana gelen 7.7 ve 7.6 b\u00fcy\u00fckl\u00fc\u011f\u00fcndeki deprem sonras\u0131 kentte ya\u015fanan fahi\u015f kira art\u0131\u015flar\u0131na kar\u015f\u0131 \u00e7\u00f6z\u00fcm \u00f6nerilerini anlatt\u0131.<\/strong><\/p>\n\n\n\n<figure class=\"wp-block-image size-large\"><img loading=\"lazy\" decoding=\"async\" width=\"1024\" height=\"768\" src=\"https:\/\/www.urfabugun.com\/wp-content\/uploads\/2023\/02\/selahattin-tokmak-1024x768.jpg\" alt=\"\" class=\"wp-image-3034\"\/><\/figure>\n\n\n\n<p>Kahramanmara\u015f merkezli meydana gelen 7,7 ve 7,6 b\u00fcy\u00fckl\u00fc\u011f\u00fcndeki deprem sonras\u0131 Cumhuriyet tarihinin en b\u00fcy\u00fck felaketine kar\u015f\u0131 t\u00fcm yurtta seferberlik s\u00fcr\u00fcyor. \u00d6zellikle kira ve ev fiyatlar\u0131na gelen zamlar b\u00fcy\u00fck tepki \u00e7ekerken Demir ile \u00e7imento fiyatlar\u0131na b\u00fcy\u00fck zamlar gecikmedi. Hal b\u00f6yle olunca zaten pahal\u0131 olan kira fiyatlar\u0131 ve ev alma hayalleri suya d\u00fc\u015ft\u00fc. <\/p>\n\n\n\n<figure class=\"wp-block-image size-large\"><img loading=\"lazy\" decoding=\"async\" width=\"1024\" height=\"683\" src=\"https:\/\/www.urfabugun.com\/wp-content\/uploads\/2023\/02\/2021-09-urfada-konut-satislari-belli-oldu-1024x683.jpeg\" alt=\"\" class=\"wp-image-3035\"\/><\/figure>\n\n\n\n<p>\u015eanl\u0131urfa\u2019da daha \u00f6nceden de pahal\u0131 bulunan ve sorun olan ev kiralar\u0131na dikkat \u00e7eken \u015eanl\u0131urfa T\u00fcm Emlak\u00e7\u0131lar Odas\u0131 Ba\u015fkan\u0131 (\u015eutem) Ba\u015fkan\u0131 Selahattin Tokmak 2 \u00e7\u00f6z\u00fcm \u00f6nerisi bulduklar\u0131n\u0131 ifade etti. <\/p>\n\n\n\n<figure class=\"wp-block-embed is-type-video is-provider-youtube wp-block-embed-youtube wp-embed-aspect-16-9 wp-has-aspect-ratio\"><div class=\"wp-block-embed__wrapper\">\n<iframe loading=\"lazy\" title=\"Ba\u015fkan Tokmak \u00c7\u00f6z\u00fcm \u00d6nerilerini Anlatt\u0131!\" width=\"500\" height=\"281\" src=\"data:image\/png;base64,iVBORw0KGgoAAAANSUhEUgAAAAIAAAABCAQAAABeK7cBAAAAC0lEQVR42mNkAAIAAAoAAv\/lxKUAAAAASUVORK5CYII=\" data-src=\"https:\/\/www.youtube.com\/embed\/7tKKYQcP_L0?feature=oembed\" frameborder=\"0\" allow=\"accelerometer; autoplay; clipboard-write; encrypted-media; gyroscope; picture-in-picture; web-share\" referrerpolicy=\"strict-origin-when-cross-origin\" class=\"kanews-lazy\" allowfullscreen><\/iframe>\n<\/div><\/figure>\n\n\n\n<p><\/p>\n\n\n\n<p><\/p>\n","protected":false},"excerpt":{"rendered":"<p>\u015eanl\u0131urfa T\u00fcm Emlak\u00e7\u0131lar Odas\u0131 Ba\u015fkan\u0131 (\u015eutem) Selahattin Tokmak Kahramanmara\u015f merkezli meydana gelen 7.7 ve 7.6 b\u00fcy\u00fckl\u00fc\u011f\u00fcndeki&#46;&#46;&#46;<\/p>\n","protected":false},"author":2,"featured_media":3036,"comment_status":"open","ping_status":"open","sticky":false,"template":"","format":"standard","meta":{"inline_featured_image":false,"footnotes":""},"categories":[82],"tags":[178,408,448,572,118,610,611,446,131,107,93],"manset":[],"class_list":["post-3032","post","type-post","status-publish","format-standard","has-post-thumbnail","hentry","category-gundem-haberleri","tag-deprem","tag-depremzede","tag-emlak","tag-kira","tag-sanliurfa","tag-sanliurfa-tum-emlakcilar-odasi-baskani-sutem-selahattin-tokmak","tag-satin-alma","tag-selahattin-tokmak","tag-son-dakika","tag-ub","tag-ust"],"_links":{"self":[{"href":"https:\/\/www.urfabugun.com\/index.php\/wp-json\/wp\/v2\/posts\/3032","targetHints":{"allow":["GET"]}}],"collection":[{"href":"https:\/\/www.urfabugun.com\/index.php\/wp-json\/wp\/v2\/posts"}],"about":[{"href":"https:\/\/www.urfabugun.com\/index.php\/wp-json\/wp\/v2\/types\/post"}],"author":[{"embeddable":true,"href":"https:\/\/www.urfabugun.com\/index.php\/wp-json\/wp\/v2\/users\/2"}],"replies":[{"embeddable":true,"href":"https:\/\/www.urfabugun.com\/index.php\/wp-json\/wp\/v2\/comments?post=3032"}],"version-history":[{"count":0,"href":"https:\/\/www.urfabugun.com\/index.php\/wp-json\/wp\/v2\/posts\/3032\/revisions"}],"wp:featuredmedia":[{"embeddable":true,"href":"https:\/\/www.urfabugun.com\/index.php\/wp-json\/wp\/v2\/media\/3036"}],"wp:attachment":[{"href":"https:\/\/www.urfabugun.com\/index.php\/wp-json\/wp\/v2\/media?parent=3032"}],"wp:term":[{"taxonomy":"category","embeddable":true,"href":"https:\/\/www.urfabugun.com\/index.php\/wp-json\/wp\/v2\/categories?post=3032"},{"taxonomy":"post_tag","embeddable":true,"href":"https:\/\/www.urfabugun.com\/index.php\/wp-json\/wp\/v2\/tags?post=3032"},{"taxonomy":"manset","embeddable":true,"href":"https:\/\/www.urfabugun.com\/index.php\/wp-json\/wp\/v2\/manset?post=3032"}],"curies":[{"name":"wp","href":"https:\/\/api.w.org\/{rel}","templated":true}]}}