{"id":3067,"date":"2023-02-26T11:27:00","date_gmt":"2023-02-26T08:27:00","guid":{"rendered":"https:\/\/www.urfabugun.com\/?p=3067"},"modified":"2023-02-26T11:27:06","modified_gmt":"2023-02-26T08:27:06","slug":"naci-gorurden-yeni-uyari","status":"publish","type":"post","link":"https:\/\/www.urfabugun.com\/index.php\/2023\/02\/26\/naci-gorurden-yeni-uyari\/","title":{"rendered":"Naci G\u00f6r\u00fcr&#8217;den Yeni Uyar\u0131!"},"content":{"rendered":"\n<p><\/p>\n\n\n\n<p><strong>Prof. Dr. Naci G\u00f6r\u00fcr, art\u00e7\u0131 depremlerin devam etti\u011fi b\u00f6lgelerde beton d\u00f6kmenin sak\u0131ncal\u0131 oldu\u011funu s\u00f6yledi.<\/strong><\/p>\n\n\n\n<p>Kahramanmara\u015f merkezli y\u0131k\u0131c\u0131 depremlerde can kayb\u0131 44 bin 218. Hen\u00fcz tamamlanmayan hasar tespitlere g\u00f6re y\u0131k\u0131k ve y\u0131k\u0131lacak bina say\u0131s\u0131ysa 164 bin 321. Depremin yaralar\u0131n\u0131 sarmak i\u00e7in baz\u0131 b\u00f6lgelerde in\u015faat \u00e7al\u0131\u015fmalar\u0131n\u0131n ba\u015flad\u0131\u011f\u0131na i\u015faret eden Prof. Dr. Naci G\u00f6r\u00fcr, art\u00e7\u0131 depremlerin devam etti\u011fi b\u00f6lgede b\u00f6ylesi bir i\u015flemin tehlikeleri konusunda de\u011ferlendirmelerde bulundu.<\/p>\n\n\n\n<p>G\u00f6r\u00fcr&#8217;\u00fcn Twitter&#8217;dan payla\u015ft\u0131\u011f\u0131 mesaj \u015f\u00f6yle: &#8220;Arkada\u015flar, deprem b\u00f6lgesinde art\u00e7\u0131 depremlerin yo\u011fun oldu\u011fu bu zaman diliminde in\u015faatlarda beton d\u00f6kmek son derece sak\u0131ncal\u0131d\u0131r. Beton pirizlenme s\u00fcresinde ciddi \u00e7atlak ve tahribat alabilir ve g\u00f6revini g\u00f6remez hale gelebilir.&#8221;<\/p>\n","protected":false},"excerpt":{"rendered":"<p>Prof. Dr. Naci G\u00f6r\u00fcr, art\u00e7\u0131 depremlerin devam etti\u011fi b\u00f6lgelerde beton d\u00f6kmenin sak\u0131ncal\u0131 oldu\u011funu s\u00f6yledi. Kahramanmara\u015f merkezli&#46;&#46;&#46;<\/p>\n","protected":false},"author":2,"featured_media":3069,"comment_status":"open","ping_status":"open","sticky":false,"template":"","format":"standard","meta":{"inline_featured_image":false,"footnotes":""},"categories":[82],"tags":[178,623,624,118,131,139,107,93],"manset":[],"class_list":["post-3067","post","type-post","status-publish","format-standard","has-post-thumbnail","hentry","category-gundem-haberleri","tag-deprem","tag-naci-gorur","tag-naci-gorurden-uyari","tag-sanliurfa","tag-son-dakika","tag-sondakika","tag-ub","tag-ust"],"_links":{"self":[{"href":"https:\/\/www.urfabugun.com\/index.php\/wp-json\/wp\/v2\/posts\/3067","targetHints":{"allow":["GET"]}}],"collection":[{"href":"https:\/\/www.urfabugun.com\/index.php\/wp-json\/wp\/v2\/posts"}],"about":[{"href":"https:\/\/www.urfabugun.com\/index.php\/wp-json\/wp\/v2\/types\/post"}],"author":[{"embeddable":true,"href":"https:\/\/www.urfabugun.com\/index.php\/wp-json\/wp\/v2\/users\/2"}],"replies":[{"embeddable":true,"href":"https:\/\/www.urfabugun.com\/index.php\/wp-json\/wp\/v2\/comments?post=3067"}],"version-history":[{"count":0,"href":"https:\/\/www.urfabugun.com\/index.php\/wp-json\/wp\/v2\/posts\/3067\/revisions"}],"wp:featuredmedia":[{"embeddable":true,"href":"https:\/\/www.urfabugun.com\/index.php\/wp-json\/wp\/v2\/media\/3069"}],"wp:attachment":[{"href":"https:\/\/www.urfabugun.com\/index.php\/wp-json\/wp\/v2\/media?parent=3067"}],"wp:term":[{"taxonomy":"category","embeddable":true,"href":"https:\/\/www.urfabugun.com\/index.php\/wp-json\/wp\/v2\/categories?post=3067"},{"taxonomy":"post_tag","embeddable":true,"href":"https:\/\/www.urfabugun.com\/index.php\/wp-json\/wp\/v2\/tags?post=3067"},{"taxonomy":"manset","embeddable":true,"href":"https:\/\/www.urfabugun.com\/index.php\/wp-json\/wp\/v2\/manset?post=3067"}],"curies":[{"name":"wp","href":"https:\/\/api.w.org\/{rel}","templated":true}]}}