{"id":3194,"date":"2023-03-02T11:27:01","date_gmt":"2023-03-02T08:27:01","guid":{"rendered":"https:\/\/www.urfabugun.com\/?p=3194"},"modified":"2023-03-02T11:27:07","modified_gmt":"2023-03-02T08:27:07","slug":"dunyanin-en-aci-oncesi-ve-sonrasi-goruntuleri","status":"publish","type":"post","link":"https:\/\/www.urfabugun.com\/index.php\/2023\/03\/02\/dunyanin-en-aci-oncesi-ve-sonrasi-goruntuleri\/","title":{"rendered":"D\u00fcnyan\u0131n En Ac\u0131 \u00d6ncesi Ve Sonras\u0131 G\u00f6r\u00fcnt\u00fcleri!"},"content":{"rendered":"\n<p><\/p>\n\n\n\n<p><strong>11 ilimizde b\u00fcy\u00fck y\u0131k\u0131m yaratan depremlerde, 44 binden fazla insan hayat\u0131n\u0131 kaybederken \u00e7ok say\u0131da bina ise yerle bir oldu. Depremin merkez \u00fcss\u00fc Kahramanmara\u015f&#8217;\u0131n 1 y\u0131l \u00f6nce \u00e7ekilen foto\u011fraflar\u0131 ile bug\u00fcnk\u00fc halinin kar\u015f\u0131la\u015ft\u0131r\u0131ld\u0131\u011f\u0131 kareler aise \u015fehirdeki y\u0131k\u0131m\u0131 g\u00f6zler \u00f6n\u00fcne seriyor.<\/strong><\/p>\n\n\n\n<p>Kahramanmara\u015f&#8217;ta deprem \u00f6ncesi ve sonras\u0131 \u00e7ekilen foto\u011fraflar b\u00fcy\u00fck y\u0131k\u0131m\u0131 ortaya koyuyor.<\/p>\n\n\n\n<p><strong>ARADAK\u0130 FARK \u0130NANILMAZ<\/strong><\/p>\n\n\n\n<p>Ekiplerin enkaz \u00e7al\u0131\u015fmalar\u0131 s\u00fcrerken, depremin merkez \u00fcss\u00fc Kahramanmara\u015f&#8217;\u0131n 1 sene \u00f6nce \u00e7ekilen foto\u011fraflar\u0131 ile \u015fimdiki halinin kar\u015f\u0131la\u015ft\u0131r\u0131ld\u0131\u011f\u0131 foto\u011fraflar ortaya \u00e7\u0131kt\u0131. Y\u00fcrek yakan karelerde \u015fehrin b\u00fcy\u00fck bir y\u0131k\u0131m ya\u015fad\u0131\u011f\u0131 net bir \u015fekilde g\u00f6zler \u00f6n\u00fcne seriliyor.<\/p>\n","protected":false},"excerpt":{"rendered":"<p>11 ilimizde b\u00fcy\u00fck y\u0131k\u0131m yaratan depremlerde, 44 binden fazla insan hayat\u0131n\u0131 kaybederken \u00e7ok say\u0131da bina ise&#46;&#46;&#46;<\/p>\n","protected":false},"author":2,"featured_media":3196,"comment_status":"open","ping_status":"open","sticky":false,"template":"","format":"standard","meta":{"inline_featured_image":false,"footnotes":""},"categories":[82],"tags":[178,678,387,118,131,107,93],"manset":[],"class_list":["post-3194","post","type-post","status-publish","format-standard","has-post-thumbnail","hentry","category-gundem-haberleri","tag-deprem","tag-dunyanin-en-aci-oncesi-ve-sonrasi-goruntuleri","tag-kahramanmaras","tag-sanliurfa","tag-son-dakika","tag-ub","tag-ust"],"_links":{"self":[{"href":"https:\/\/www.urfabugun.com\/index.php\/wp-json\/wp\/v2\/posts\/3194","targetHints":{"allow":["GET"]}}],"collection":[{"href":"https:\/\/www.urfabugun.com\/index.php\/wp-json\/wp\/v2\/posts"}],"about":[{"href":"https:\/\/www.urfabugun.com\/index.php\/wp-json\/wp\/v2\/types\/post"}],"author":[{"embeddable":true,"href":"https:\/\/www.urfabugun.com\/index.php\/wp-json\/wp\/v2\/users\/2"}],"replies":[{"embeddable":true,"href":"https:\/\/www.urfabugun.com\/index.php\/wp-json\/wp\/v2\/comments?post=3194"}],"version-history":[{"count":0,"href":"https:\/\/www.urfabugun.com\/index.php\/wp-json\/wp\/v2\/posts\/3194\/revisions"}],"wp:featuredmedia":[{"embeddable":true,"href":"https:\/\/www.urfabugun.com\/index.php\/wp-json\/wp\/v2\/media\/3196"}],"wp:attachment":[{"href":"https:\/\/www.urfabugun.com\/index.php\/wp-json\/wp\/v2\/media?parent=3194"}],"wp:term":[{"taxonomy":"category","embeddable":true,"href":"https:\/\/www.urfabugun.com\/index.php\/wp-json\/wp\/v2\/categories?post=3194"},{"taxonomy":"post_tag","embeddable":true,"href":"https:\/\/www.urfabugun.com\/index.php\/wp-json\/wp\/v2\/tags?post=3194"},{"taxonomy":"manset","embeddable":true,"href":"https:\/\/www.urfabugun.com\/index.php\/wp-json\/wp\/v2\/manset?post=3194"}],"curies":[{"name":"wp","href":"https:\/\/api.w.org\/{rel}","templated":true}]}}