{"id":3209,"date":"2023-03-02T22:05:53","date_gmt":"2023-03-02T19:05:53","guid":{"rendered":"https:\/\/www.urfabugun.com\/?p=3209"},"modified":"2023-03-02T22:05:59","modified_gmt":"2023-03-02T19:05:59","slug":"her-an-7-uzeri-deprem-olabilir-deyip-bolge-ismi-verdi","status":"publish","type":"post","link":"https:\/\/www.urfabugun.com\/index.php\/2023\/03\/02\/her-an-7-uzeri-deprem-olabilir-deyip-bolge-ismi-verdi\/","title":{"rendered":"\u2018\u2019Her An 7 \u00dczeri Deprem Olabilir\u2019\u2019 Deyip B\u00f6lge \u0130smi Verdi!"},"content":{"rendered":"\n<p><\/p>\n\n\n\n<p><strong>Kandilli Rasathanesi Deprem Ara\u015ft\u0131rma Enstit\u00fcs\u00fc M\u00fcd\u00fcr\u00fc Prof Dr. Haluk \u00d6zener, b\u00f6lge ismi vererek korkutan uyar\u0131da bulundu.<\/strong><\/p>\n\n\n\n<p>Kandilli Rasathanesi Deprem Ara\u015ft\u0131rma Enstit\u00fcs\u00fc M\u00fcd\u00fcr\u00fc Prof Dr. Haluk \u00d6zener, Japon bilim insanlar\u0131yla birlikte Marmara Denizi&#8217;nin dibine yerle\u015ftirdikleri sismometrelerle \u00f6l\u00e7\u00fcmler yapt\u0131klar\u0131n\u0131 s\u00f6yleyerek uyar\u0131larda bulundu. Marmara&#8217;n\u0131n deprem b\u00f6lgesi oldu\u011funu hat\u0131rlatan \u00d6zener, &#8220;Her an 7 \u00fczeri deprem olabilir. Ne zaman olur? Kimse bilmiyor. Bizim yer bilimleri camias\u0131 olarak yapaca\u011f\u0131m\u0131z \u00e7al\u0131\u015fmalar orta ve uzun vadeli.&#8221; ifadelerini kulland\u0131.<\/p>\n\n\n\n<figure class=\"wp-block-image size-full is-resized\"><img loading=\"lazy\" decoding=\"async\" src=\"https:\/\/www.urfabugun.com\/wp-content\/uploads\/2023\/03\/turk-ve-japon-bilim-insanlari-marmara-fayinin-15670833_7700_m.jpg\" alt=\"\" class=\"wp-image-3212\" width=\"807\" height=\"454\"\/><\/figure>\n\n\n\n<p><strong>&#8220;MARMARA DEN\u0130Z TABANINDA C\u0130HAZLARIMIZ VER\u0130 TOPLUYOR&#8221;<\/strong><\/p>\n\n\n\n<p>\u00d6zener, &#8220;Farkl\u0131 farkl\u0131 deniz taban\u0131nda \u00e7al\u0131\u015fmalar var. Gemiler ile fay\u0131n lokasyonlar\u0131 haritalan\u0131yor. Bizim yapt\u0131\u011f\u0131m\u0131z \u00e7al\u0131\u015fmalar da bunlar\u0131n \u00fczerine veri toplamak. Marmara Denizi&#8217;nin 1200 metre dibinde olan cihazlar\u0131m\u0131z var. Cihazlar\u0131 at\u0131yoruz 6 ay sonra al\u0131p verileri topluyoruz ve farkl\u0131 yerlere koyuyoruz. Dolay\u0131s\u0131yla fay\u0131n boydan boya \u00f6zelliklerini anlama \u015fans\u0131m\u0131z oldu. \u00c7al\u0131\u015fmalar hala devam ediyor. Hala Marmara deniz taban\u0131nda bu cihazlar\u0131m\u0131z veri topluyor. O verileri mart ay\u0131nda alaca\u011f\u0131z. Daha sonra de\u011ferlendirece\u011fiz ama uzun soluklu i\u015fler.&#8221; ifadelerini kulland\u0131.<\/p>\n\n\n\n<figure class=\"wp-block-image size-full is-resized\"><img loading=\"lazy\" decoding=\"async\" src=\"https:\/\/www.urfabugun.com\/wp-content\/uploads\/2023\/03\/turk-ve-japon-bilim-insanlari-marmara-fayinin-15670833_8235_m.jpg\" alt=\"\" class=\"wp-image-3211\" width=\"813\" height=\"443\"\/><\/figure>\n\n\n\n<p><strong>&#8220;HER AN 7 \u00dcZER\u0130 DEPREM OLAB\u0130L\u0130R&#8221;<\/strong><\/p>\n\n\n\n<p>\u00d6zener, &#8220;Buras\u0131 bir deprem b\u00f6lgesi. Her an 7 \u00fczeri deprem olabilir. Ne zaman olur? Kimse bilmiyor. Bizim yer bilimleri camias\u0131 olarak yapaca\u011f\u0131m\u0131z \u00e7al\u0131\u015fmalar orta ve uzun vadeli. En k\u0131sa vadede yap\u0131lmas\u0131 gereken, bina yap\u0131 stokunun g\u00fcvenli hale getirilmesi. \u0130stanbul B\u00fcy\u00fck\u015fehir Belediyesi&#8217;nin h\u0131zl\u0131 tarama y\u00f6ntemiyle binalar\u0131n g\u00fcvenli\u011fi ve mevcut durumunu tespit eden \u00e7al\u0131\u015fmas\u0131 var. 6 \u015eubat&#8217;tan \u00f6nce ve sonra yap\u0131lan ba\u015fvurular aras\u0131nda devasa fark var. Bu da bizim toplumumuzun yumurta kap\u0131ya dayand\u0131ktan sonra aksiyon almas\u0131ndan kaynaklan\u0131yor. \u015eu an yap\u0131lmas\u0131 gereken \u015fey toptan yap\u0131 stokunun kalitesine bak\u0131lmas\u0131.&#8221; diye konu\u015ftu.<\/p>\n","protected":false},"excerpt":{"rendered":"<p>Kandilli Rasathanesi Deprem Ara\u015ft\u0131rma Enstit\u00fcs\u00fc M\u00fcd\u00fcr\u00fc Prof Dr. Haluk \u00d6zener, b\u00f6lge ismi vererek korkutan uyar\u0131da bulundu.&#46;&#46;&#46;<\/p>\n","protected":false},"author":2,"featured_media":3213,"comment_status":"open","ping_status":"open","sticky":false,"template":"","format":"standard","meta":{"inline_featured_image":false,"footnotes":""},"categories":[82],"tags":[178,602,685,687,686,118,139,107,93],"manset":[],"class_list":["post-3209","post","type-post","status-publish","format-standard","has-post-thumbnail","hentry","category-gundem-haberleri","tag-deprem","tag-deprem-bolgesi","tag-kandilli-rasathanesi-deprem-arastirma-enstitusu-muduru-prof-dr-haluk-ozener","tag-marmara-icin-korkutan-uyari","tag-prof-dr-haluk-ozener","tag-sanliurfa","tag-sondakika","tag-ub","tag-ust"],"_links":{"self":[{"href":"https:\/\/www.urfabugun.com\/index.php\/wp-json\/wp\/v2\/posts\/3209","targetHints":{"allow":["GET"]}}],"collection":[{"href":"https:\/\/www.urfabugun.com\/index.php\/wp-json\/wp\/v2\/posts"}],"about":[{"href":"https:\/\/www.urfabugun.com\/index.php\/wp-json\/wp\/v2\/types\/post"}],"author":[{"embeddable":true,"href":"https:\/\/www.urfabugun.com\/index.php\/wp-json\/wp\/v2\/users\/2"}],"replies":[{"embeddable":true,"href":"https:\/\/www.urfabugun.com\/index.php\/wp-json\/wp\/v2\/comments?post=3209"}],"version-history":[{"count":0,"href":"https:\/\/www.urfabugun.com\/index.php\/wp-json\/wp\/v2\/posts\/3209\/revisions"}],"wp:featuredmedia":[{"embeddable":true,"href":"https:\/\/www.urfabugun.com\/index.php\/wp-json\/wp\/v2\/media\/3213"}],"wp:attachment":[{"href":"https:\/\/www.urfabugun.com\/index.php\/wp-json\/wp\/v2\/media?parent=3209"}],"wp:term":[{"taxonomy":"category","embeddable":true,"href":"https:\/\/www.urfabugun.com\/index.php\/wp-json\/wp\/v2\/categories?post=3209"},{"taxonomy":"post_tag","embeddable":true,"href":"https:\/\/www.urfabugun.com\/index.php\/wp-json\/wp\/v2\/tags?post=3209"},{"taxonomy":"manset","embeddable":true,"href":"https:\/\/www.urfabugun.com\/index.php\/wp-json\/wp\/v2\/manset?post=3209"}],"curies":[{"name":"wp","href":"https:\/\/api.w.org\/{rel}","templated":true}]}}