{"id":3256,"date":"2023-03-04T23:37:46","date_gmt":"2023-03-04T20:37:46","guid":{"rendered":"https:\/\/www.urfabugun.com\/?p=3256"},"modified":"2023-03-04T23:37:52","modified_gmt":"2023-03-04T20:37:52","slug":"belediye-iscisi-cop-kenarinda-servet-buldu","status":"publish","type":"post","link":"https:\/\/www.urfabugun.com\/index.php\/2023\/03\/04\/belediye-iscisi-cop-kenarinda-servet-buldu\/","title":{"rendered":"Belediye \u0130\u015f\u00e7isi \u00c7\u00f6p Kenar\u0131nda Servet Buldu!"},"content":{"rendered":"\n<p><\/p>\n\n\n\n<p><strong>Karak\u00f6pr\u00fc Belediyesi Temizlik \u0130\u015fleri M\u00fcd\u00fcrl\u00fc\u011f\u00fc personeli kom\u015fu il Ad\u0131yaman&#8217;da sokak temizli\u011fi \u00e7al\u0131\u015fmalar\u0131n\u0131 s\u00fcrd\u00fcr\u00fcrken, \u00f6rnek bir davran\u0131\u015fa imza att\u0131lar.<\/strong><\/p>\n\n\n\n<p>Rutin sokak temizli\u011fi ve \u00e7\u00f6p toplama faaliyeti y\u00fcr\u00fcten personel \u00e7\u00f6p kenar\u0131nda i\u00e7inde 25 Cumhuriyet alt\u0131n\u0131, 12 yar\u0131m, 24 \u00e7eyrek alt\u0131n ile bir \u00e7ift alt\u0131n k\u00fcpe ve bir alt\u0131n y\u00fcz\u00fck olan bir po\u015fet buldu.<\/p>\n\n\n\n<figure class=\"wp-block-image size-full\"><img loading=\"lazy\" decoding=\"async\" width=\"1024\" height=\"576\" src=\"https:\/\/www.urfabugun.com\/wp-content\/uploads\/2023\/03\/WhatsApp-Image-2023-03-04-at-11.44.02.jpeg\" alt=\"\" class=\"wp-image-3259\"\/><\/figure>\n\n\n\n<p>Karak\u00f6pr\u00fc Belediyesi temizlik i\u015fleri personeli Ad\u0131yaman\u2019da sokak temizleme \u00e7al\u0131\u015fmalar\u0131 s\u0131ras\u0131nda \u00e7\u00f6pte buldu\u011fu alt\u0131nlar\u0131 sahibine ula\u015ft\u0131r\u0131lmak \u00fczere g\u00fcvenlik g\u00fc\u00e7lerine teslim etti<\/p>\n\n\n\n<p>Karak\u00f6pr\u00fc Belediyesi Temizlik \u0130\u015fleri M\u00fcd\u00fcrl\u00fc\u011f\u00fc personeli kom\u015fu il Ad\u0131yaman\u2019da sokak temizli\u011fi \u00e7al\u0131\u015fmalar\u0131n\u0131 s\u00fcrd\u00fcr\u00fcrken, \u00f6rnek bir davran\u0131\u015fa imza att\u0131lar. Rutin sokak temizli\u011fi ve \u00e7\u00f6p toplama faaliyeti y\u00fcr\u00fcten personel \u00e7\u00f6p kenar\u0131nda i\u00e7inde 25 Cumhuriyet alt\u0131n\u0131, 12 yar\u0131m, 24 \u00e7eyrek alt\u0131n ile bir \u00e7ift alt\u0131n k\u00fcpe ve bir alt\u0131n y\u00fcz\u00fck olan bir po\u015fet buldu.<\/p>\n\n\n\n<p>\u0130\u00e7inde alt\u0131n olan po\u015feti g\u00f6r\u00fcnce hemen g\u00fcvenlik g\u00fc\u00e7lerine haber veren Karak\u00f6pr\u00fc Belediyesi temizlik i\u015fleri personeli alt\u0131nlar\u0131 sahibine ula\u015ft\u0131r\u0131lmak \u00fczere tutanakla polise teslim etti.<\/p>\n\n\n\n<p>Personelin \u00f6rnek davran\u0131\u015f\u0131na kay\u0131ts\u0131z kalmayan Karak\u00f6pr\u00fc Belediye Ba\u015fkan\u0131 Metin Baydilli, sosyal medyadan yapt\u0131\u011f\u0131 payla\u015f\u0131mla duyarl\u0131 davran\u0131\u015flar\u0131 i\u00e7in personeline te\u015fekk\u00fcr etti.<\/p>\n\n\n\n<p>Karak\u00f6pr\u00fc Belediyesi Temizlik \u0130\u015fleri M\u00fcd\u00fcrl\u00fc\u011f\u00fc personeli deprem sonras\u0131 ciddi yara alan Ad\u0131yaman\u2019da g\u00fcnlerdir \u00f6zverili bir \u015fekilde temizlik ve \u00e7\u00f6p toplama \u00e7al\u0131\u015fmalar\u0131 y\u00fcr\u00fct\u00fcyor.<\/p>\n","protected":false},"excerpt":{"rendered":"<p>Karak\u00f6pr\u00fc Belediyesi Temizlik \u0130\u015fleri M\u00fcd\u00fcrl\u00fc\u011f\u00fc personeli kom\u015fu il Ad\u0131yaman&#8217;da sokak temizli\u011fi \u00e7al\u0131\u015fmalar\u0131n\u0131 s\u00fcrd\u00fcr\u00fcrken, \u00f6rnek bir davran\u0131\u015fa&#46;&#46;&#46;<\/p>\n","protected":false},"author":2,"featured_media":3258,"comment_status":"open","ping_status":"open","sticky":false,"template":"","format":"standard","meta":{"inline_featured_image":false,"footnotes":""},"categories":[82],"tags":[404,140,704,178,705,131,107,608,93],"manset":[],"class_list":["post-3256","post","type-post","status-publish","format-standard","has-post-thumbnail","hentry","category-gundem-haberleri","tag-adiyaman","tag-altin","tag-belediye-iscisi-cop-kenarinda-servet-buldu","tag-deprem","tag-karakopru-belediyesi","tag-son-dakika","tag-ub","tag-urfa-bugun","tag-ust"],"_links":{"self":[{"href":"https:\/\/www.urfabugun.com\/index.php\/wp-json\/wp\/v2\/posts\/3256","targetHints":{"allow":["GET"]}}],"collection":[{"href":"https:\/\/www.urfabugun.com\/index.php\/wp-json\/wp\/v2\/posts"}],"about":[{"href":"https:\/\/www.urfabugun.com\/index.php\/wp-json\/wp\/v2\/types\/post"}],"author":[{"embeddable":true,"href":"https:\/\/www.urfabugun.com\/index.php\/wp-json\/wp\/v2\/users\/2"}],"replies":[{"embeddable":true,"href":"https:\/\/www.urfabugun.com\/index.php\/wp-json\/wp\/v2\/comments?post=3256"}],"version-history":[{"count":0,"href":"https:\/\/www.urfabugun.com\/index.php\/wp-json\/wp\/v2\/posts\/3256\/revisions"}],"wp:featuredmedia":[{"embeddable":true,"href":"https:\/\/www.urfabugun.com\/index.php\/wp-json\/wp\/v2\/media\/3258"}],"wp:attachment":[{"href":"https:\/\/www.urfabugun.com\/index.php\/wp-json\/wp\/v2\/media?parent=3256"}],"wp:term":[{"taxonomy":"category","embeddable":true,"href":"https:\/\/www.urfabugun.com\/index.php\/wp-json\/wp\/v2\/categories?post=3256"},{"taxonomy":"post_tag","embeddable":true,"href":"https:\/\/www.urfabugun.com\/index.php\/wp-json\/wp\/v2\/tags?post=3256"},{"taxonomy":"manset","embeddable":true,"href":"https:\/\/www.urfabugun.com\/index.php\/wp-json\/wp\/v2\/manset?post=3256"}],"curies":[{"name":"wp","href":"https:\/\/api.w.org\/{rel}","templated":true}]}}