{"id":3308,"date":"2023-03-06T13:03:30","date_gmt":"2023-03-06T10:03:30","guid":{"rendered":"https:\/\/www.urfabugun.com\/?p=3308"},"modified":"2023-03-06T13:03:36","modified_gmt":"2023-03-06T10:03:36","slug":"cumhurbaskanligi-kabinesi-toplaniyor","status":"publish","type":"post","link":"https:\/\/www.urfabugun.com\/index.php\/2023\/03\/06\/cumhurbaskanligi-kabinesi-toplaniyor\/","title":{"rendered":"Cumhurba\u015fkanl\u0131\u011f\u0131 Kabinesi Toplan\u0131yor!"},"content":{"rendered":"\n<p><\/p>\n\n\n\n<p><strong>Kabine bug\u00fcn saat 15.00&#8217;te Cumhurba\u015fkan\u0131 Erdo\u011fan ba\u015fkanl\u0131\u011f\u0131nda toplanacak.<\/strong><\/p>\n\n\n\n<p>Toplant\u0131n\u0131n g\u00fcndeminde 11 ili etkileyen deprem ve o b\u00f6lgede in\u015fa edilecek olan kal\u0131c\u0131 konutlar olacak. Kabine \u2018de ayr\u0131ca yakla\u015fan Cumhurba\u015fkanl\u0131\u011f\u0131 ve milletvekili se\u00e7imleri de ele al\u0131nacak.<\/p>\n\n\n\n<p><strong>G\u00dcNDEMDE 2 KOU VAR!<\/strong><\/p>\n\n\n\n<p>Kabine toplant\u0131s\u0131, bug\u00fcn Cumhurba\u015fkan\u0131 Recep Tayyip Erdo\u011fan ba\u015fkanl\u0131\u011f\u0131nda saat 15.00&#8217;te ger\u00e7ekle\u015ftirilecek. Cumhurba\u015fkanl\u0131\u011f\u0131 K\u00fclliyesi&#8217;ndeki toplant\u0131n\u0131n ana g\u00fcndem maddesi ise Kahramanmara\u015f merkezli 7.7 ve 7.6&#8217;l\u0131k depremler olacak.<\/p>\n\n\n\n<p><strong>DEPREM B\u00d6LGES\u0130NDEK\u0130 KALICI KONUTLAR G\u00d6R\u00dc\u015e\u00dcLECEK<\/strong><\/p>\n\n\n\n<p>11 ilimizi etkileyen deprem ve sonras\u0131nda ya\u015fananlar ele al\u0131nacak. Deprem b\u00f6lgesindeki son durum Kabine&#8217;de masaya yat\u0131r\u0131lacak. Ge\u00e7i\u015f s\u00fcrecinde olu\u015fturulan konteyner kentlerdeki \u00e7al\u0131\u015fmalar ve kal\u0131c\u0131 konutlar\u0131n in\u015fa s\u00fcrecinde gelinin son durum de\u011ferlendirilecek. \u0130lgili bakanlar\u0131n yap\u0131lan \u00e7al\u0131\u015fmalar hakk\u0131nda kabineye bilgi vermesi bekleniyor. Depremin ard\u0131ndan baz\u0131 illerde g\u00f6r\u00fclen ciddi kira art\u0131\u015flar\u0131 da kabinenin g\u00fcndeminde olacak.<\/p>\n\n\n\n<p><strong>SE\u00c7\u0130M DE\u011eERLEND\u0130RMELER\u0130 YAPILACAK<\/strong><\/p>\n\n\n\n<p>Kabine&#8217;nin bir di\u011fer g\u00fcndem maddesi ise 14 May\u0131s&#8217;ta yap\u0131lmas\u0131 planlanan Cumhurba\u015fkanl\u0131\u011f\u0131 ve milletvekili se\u00e7imleri olacak. Se\u00e7im tarihini netle\u015ftirecek ad\u0131m\u0131n da bu toplant\u0131da isti\u015fare edilmesi bekleniyor. Kabine toplant\u0131s\u0131nda ter\u00f6rle m\u00fccadele ile ekonominin yan\u0131 s\u0131ra i\u00e7 ve d\u0131\u015f geli\u015fmeler de ele al\u0131nacak.<\/p>\n","protected":false},"excerpt":{"rendered":"<p>Kabine bug\u00fcn saat 15.00&#8217;te Cumhurba\u015fkan\u0131 Erdo\u011fan ba\u015fkanl\u0131\u011f\u0131nda toplanacak. Toplant\u0131n\u0131n g\u00fcndeminde 11 ili etkileyen deprem ve o&#46;&#46;&#46;<\/p>\n","protected":false},"author":2,"featured_media":3310,"comment_status":"open","ping_status":"open","sticky":false,"template":"","format":"standard","meta":{"inline_featured_image":false,"footnotes":""},"categories":[82],"tags":[345,729,178,237,118,131,107,93],"manset":[],"class_list":["post-3308","post","type-post","status-publish","format-standard","has-post-thumbnail","hentry","category-gundem-haberleri","tag-cumhurbaskani-recep-tayyip-erdogan","tag-cumhurbaskanligi-kabinesi-toplaniyor","tag-deprem","tag-erdogan","tag-sanliurfa","tag-son-dakika","tag-ub","tag-ust"],"_links":{"self":[{"href":"https:\/\/www.urfabugun.com\/index.php\/wp-json\/wp\/v2\/posts\/3308","targetHints":{"allow":["GET"]}}],"collection":[{"href":"https:\/\/www.urfabugun.com\/index.php\/wp-json\/wp\/v2\/posts"}],"about":[{"href":"https:\/\/www.urfabugun.com\/index.php\/wp-json\/wp\/v2\/types\/post"}],"author":[{"embeddable":true,"href":"https:\/\/www.urfabugun.com\/index.php\/wp-json\/wp\/v2\/users\/2"}],"replies":[{"embeddable":true,"href":"https:\/\/www.urfabugun.com\/index.php\/wp-json\/wp\/v2\/comments?post=3308"}],"version-history":[{"count":0,"href":"https:\/\/www.urfabugun.com\/index.php\/wp-json\/wp\/v2\/posts\/3308\/revisions"}],"wp:featuredmedia":[{"embeddable":true,"href":"https:\/\/www.urfabugun.com\/index.php\/wp-json\/wp\/v2\/media\/3310"}],"wp:attachment":[{"href":"https:\/\/www.urfabugun.com\/index.php\/wp-json\/wp\/v2\/media?parent=3308"}],"wp:term":[{"taxonomy":"category","embeddable":true,"href":"https:\/\/www.urfabugun.com\/index.php\/wp-json\/wp\/v2\/categories?post=3308"},{"taxonomy":"post_tag","embeddable":true,"href":"https:\/\/www.urfabugun.com\/index.php\/wp-json\/wp\/v2\/tags?post=3308"},{"taxonomy":"manset","embeddable":true,"href":"https:\/\/www.urfabugun.com\/index.php\/wp-json\/wp\/v2\/manset?post=3308"}],"curies":[{"name":"wp","href":"https:\/\/api.w.org\/{rel}","templated":true}]}}