{"id":3323,"date":"2023-03-06T18:02:15","date_gmt":"2023-03-06T15:02:15","guid":{"rendered":"https:\/\/www.urfabugun.com\/?p=3323"},"modified":"2023-03-06T18:02:22","modified_gmt":"2023-03-06T15:02:22","slug":"sanliurfaspor-isi-siki-tutuyor","status":"publish","type":"post","link":"https:\/\/www.urfabugun.com\/index.php\/2023\/03\/06\/sanliurfaspor-isi-siki-tutuyor\/","title":{"rendered":"\u015eanl\u0131urfaspor \u0130\u015fi S\u0131k\u0131 Tutuyor!"},"content":{"rendered":"\n<p><\/p>\n\n\n\n<p><strong>D\u00fcnk\u00fc 11-0&#8217;l\u0131k Tarsus galibiyetinin ard\u0131ndan \u015fampiyonluk yolunda fire vermek istemeyen \u015eanl\u0131urfaspor ara vermeksizin Bayburt haz\u0131rl\u0131klar\u0131na ba\u015flad\u0131.<\/strong><\/p>\n\n\n\n<p>Ma\u00e7 eksi\u011fi ile grupta ikinci s\u0131rada yer alan Sar\u0131 Ye\u015filli ekip \u015eanl\u0131urfaspor, ara vermeksizin bu kez Bayburt deplasman\u0131 haz\u0131rl\u0131klar\u0131na start verdi. Deprem afetlerinin ard\u0131ndan ilk kez deplasmana gidecek tak\u0131mda herhangi bir sakatl\u0131k bulunmazken, bug\u00fcn kendi tesislerinde haz\u0131rl\u0131klar\u0131na ba\u015flayan tak\u0131m\u0131n antrenman\u0131 yakla\u015f\u0131k bir bu\u00e7uk saat s\u00fcrd\u00fc. Is\u0131nma ve ard\u0131ndan 5&#8217;e 2 top kapmaca ile s\u00fcren antrenmanda futbolcular daha sonra dar alanda \u00e7ift kale ma\u00e7 ger\u00e7ekle\u015ftirerek g\u00fcn\u00fc tamamlad\u0131.<\/p>\n\n\n\n<figure class=\"wp-block-image size-large\"><img loading=\"lazy\" decoding=\"async\" width=\"1024\" height=\"682\" src=\"https:\/\/www.urfabugun.com\/wp-content\/uploads\/2023\/03\/124adbf9-1397-4141-a0a4-85d06afeb3d3-1024x682.jpg\" alt=\"\" class=\"wp-image-3326\"\/><\/figure>\n\n\n\n<p><strong>8 G\u00dcNDE 3 MA\u00c7<\/strong><\/p>\n\n\n\n<p>11 Mart Cumartesi ger\u00e7ekle\u015ftirilecek Bayburt deplasman\u0131 i\u00e7in galibiyete odaklanan tak\u0131m ma\u00e7\u0131n ard\u0131ndan \u00f6n\u00fcm\u00fczdeki hafta i\u00e7i bu kez ertelenen Ankaraspor ma\u00e7\u0131 i\u00e7in ba\u015fkente ge\u00e7ecek. \u0130ki deplasman \u00fcst \u00fcste oynayacak Sar\u0131 Ye\u015fille ekip yine \u00f6n\u00fcm\u00fczdeki hafta Pazar g\u00fcn\u00fc ise kendi sahas\u0131nda \u0130neg\u00f6lspor&#8217;u konuk edecek. S\u00fcreci iyi de\u011ferlendirerek en iyi \u015fekilde puan toplamay\u0131 hedefleyen tak\u0131mda moral ve motivasyonun ise y\u00fcksek oldu\u011fu g\u00f6zlendi.<\/p>\n","protected":false},"excerpt":{"rendered":"<p>D\u00fcnk\u00fc 11-0&#8217;l\u0131k Tarsus galibiyetinin ard\u0131ndan \u015fampiyonluk yolunda fire vermek istemeyen \u015eanl\u0131urfaspor ara vermeksizin Bayburt haz\u0131rl\u0131klar\u0131na ba\u015flad\u0131.&#46;&#46;&#46;<\/p>\n","protected":false},"author":2,"featured_media":3325,"comment_status":"open","ping_status":"open","sticky":false,"template":"","format":"standard","meta":{"inline_featured_image":false,"footnotes":""},"categories":[88],"tags":[738,118,270,737,131,739,107,93],"manset":[],"class_list":["post-3323","post","type-post","status-publish","format-standard","has-post-thumbnail","hentry","category-spor-haberleri","tag-bayburt","tag-sanliurfa","tag-sanliurfaspor","tag-sanliurfaspor-isi-siki-tutuyor","tag-son-dakika","tag-tarsus","tag-ub","tag-ust"],"_links":{"self":[{"href":"https:\/\/www.urfabugun.com\/index.php\/wp-json\/wp\/v2\/posts\/3323","targetHints":{"allow":["GET"]}}],"collection":[{"href":"https:\/\/www.urfabugun.com\/index.php\/wp-json\/wp\/v2\/posts"}],"about":[{"href":"https:\/\/www.urfabugun.com\/index.php\/wp-json\/wp\/v2\/types\/post"}],"author":[{"embeddable":true,"href":"https:\/\/www.urfabugun.com\/index.php\/wp-json\/wp\/v2\/users\/2"}],"replies":[{"embeddable":true,"href":"https:\/\/www.urfabugun.com\/index.php\/wp-json\/wp\/v2\/comments?post=3323"}],"version-history":[{"count":0,"href":"https:\/\/www.urfabugun.com\/index.php\/wp-json\/wp\/v2\/posts\/3323\/revisions"}],"wp:featuredmedia":[{"embeddable":true,"href":"https:\/\/www.urfabugun.com\/index.php\/wp-json\/wp\/v2\/media\/3325"}],"wp:attachment":[{"href":"https:\/\/www.urfabugun.com\/index.php\/wp-json\/wp\/v2\/media?parent=3323"}],"wp:term":[{"taxonomy":"category","embeddable":true,"href":"https:\/\/www.urfabugun.com\/index.php\/wp-json\/wp\/v2\/categories?post=3323"},{"taxonomy":"post_tag","embeddable":true,"href":"https:\/\/www.urfabugun.com\/index.php\/wp-json\/wp\/v2\/tags?post=3323"},{"taxonomy":"manset","embeddable":true,"href":"https:\/\/www.urfabugun.com\/index.php\/wp-json\/wp\/v2\/manset?post=3323"}],"curies":[{"name":"wp","href":"https:\/\/api.w.org\/{rel}","templated":true}]}}