{"id":3348,"date":"2023-03-07T10:49:09","date_gmt":"2023-03-07T07:49:09","guid":{"rendered":"https:\/\/www.urfabugun.com\/?p=3348"},"modified":"2023-03-07T10:49:32","modified_gmt":"2023-03-07T07:49:32","slug":"sermiyan-midyat-ersan-seni-hukumet-kadindaki-sahne-ile-tiye-aldi","status":"publish","type":"post","link":"https:\/\/www.urfabugun.com\/index.php\/2023\/03\/07\/sermiyan-midyat-ersan-seni-hukumet-kadindaki-sahne-ile-tiye-aldi\/","title":{"rendered":"Sermiyan Midyat, Ersan \u015een&#8217;i H\u00fck\u00fcmet Kad\u0131n&#8217;daki Sahne \u0130le Tiye Ald\u0131!"},"content":{"rendered":"\n<p><\/p>\n\n\n\n<p><strong>Hukuk\u00e7u Ersan \u015een&#8217;in kat\u0131ld\u0131\u011f\u0131 programda kendisine cumhurba\u015fkan\u0131 adayl\u0131\u011f\u0131 teklifi gelmesi durumunda kabul edece\u011fini s\u00f6ylemesi ve reklam aras\u0131nda \u0130Y\u0130 Parti lideri Meral Ak\u015fener taraf\u0131ndan aranmas\u0131na \u00fcnl\u00fc oyuncu Sermiyan Midyat, H\u00fck\u00fcmet Kad\u0131n filmindeki bir sahne ile g\u00f6nderme yapt\u0131.<\/strong><\/p>\n\n\n\n<p>Hukuk\u00e7u Prof. Dr. Ersan \u015een, kat\u0131ld\u0131\u011f\u0131 bir canl\u0131 yay\u0131nda \u0130Y\u0130 Parti&#8217;den kendisine cumhurba\u015fkan\u0131 adayl\u0131\u011f\u0131 teklifi gelmesi durumunda aday olabilece\u011fini s\u00f6yledi. Bu a\u00e7\u0131klamas\u0131ndan sonra reklam aras\u0131nda Ak\u015fener&#8217;in kendisini arad\u0131\u011f\u0131n\u0131 ve hafta i\u00e7inde bir g\u00f6r\u00fc\u015fme yapabileceklerini a\u00e7\u0131klad\u0131.<\/p>\n\n\n\n<p>Bu olay\u0131n yank\u0131lar\u0131 s\u00fcrerken oyuncu-y\u00f6netmen Sermiyan Midyat, sosyal medya hesab\u0131ndan s\u00fcreci tiye alan bir payla\u015f\u0131m yapt\u0131. Midyat, &#8220;E ben bunu yazm\u0131\u015f, oynam\u0131\u015f, \u00e7ekmi\u015ftim H\u00fck\u00fcmet Kad\u0131n&#8217;da&#8221; notuyla payla\u015ft\u0131\u011f\u0131 videoda \u00f6nce \u015een&#8217;in konu\u015fmas\u0131n\u0131, sonra da kendi \u00e7ekti\u011fi &#8216;H\u00fck\u00fcmet Kad\u0131n&#8217; filmindeki bir sahneyi birle\u015ftirerek takip\u00e7ilerinin be\u011fenisine sundu.<\/p>\n","protected":false},"excerpt":{"rendered":"<p>Hukuk\u00e7u Ersan \u015een&#8217;in kat\u0131ld\u0131\u011f\u0131 programda kendisine cumhurba\u015fkan\u0131 adayl\u0131\u011f\u0131 teklifi gelmesi durumunda kabul edece\u011fini s\u00f6ylemesi ve reklam&#46;&#46;&#46;<\/p>\n","protected":false},"author":2,"featured_media":3350,"comment_status":"open","ping_status":"open","sticky":false,"template":"","format":"standard","meta":{"inline_featured_image":false,"footnotes":""},"categories":[85,82],"tags":[683,754,753,170,242,118,752,131,107,608,93],"manset":[],"class_list":["post-3348","post","type-post","status-publish","format-standard","has-post-thumbnail","hentry","category-magazin-haberleri","category-gundem-haberleri","tag-6-li-masa","tag-erhan-sen","tag-ersan-seni-hukumet-kadindaki-sahne-ile-tiye-aldi","tag-iyi-parti","tag-meral-aksener","tag-sanliurfa","tag-sermiyan-midyat","tag-son-dakika","tag-ub","tag-urfa-bugun","tag-ust"],"_links":{"self":[{"href":"https:\/\/www.urfabugun.com\/index.php\/wp-json\/wp\/v2\/posts\/3348","targetHints":{"allow":["GET"]}}],"collection":[{"href":"https:\/\/www.urfabugun.com\/index.php\/wp-json\/wp\/v2\/posts"}],"about":[{"href":"https:\/\/www.urfabugun.com\/index.php\/wp-json\/wp\/v2\/types\/post"}],"author":[{"embeddable":true,"href":"https:\/\/www.urfabugun.com\/index.php\/wp-json\/wp\/v2\/users\/2"}],"replies":[{"embeddable":true,"href":"https:\/\/www.urfabugun.com\/index.php\/wp-json\/wp\/v2\/comments?post=3348"}],"version-history":[{"count":0,"href":"https:\/\/www.urfabugun.com\/index.php\/wp-json\/wp\/v2\/posts\/3348\/revisions"}],"wp:featuredmedia":[{"embeddable":true,"href":"https:\/\/www.urfabugun.com\/index.php\/wp-json\/wp\/v2\/media\/3350"}],"wp:attachment":[{"href":"https:\/\/www.urfabugun.com\/index.php\/wp-json\/wp\/v2\/media?parent=3348"}],"wp:term":[{"taxonomy":"category","embeddable":true,"href":"https:\/\/www.urfabugun.com\/index.php\/wp-json\/wp\/v2\/categories?post=3348"},{"taxonomy":"post_tag","embeddable":true,"href":"https:\/\/www.urfabugun.com\/index.php\/wp-json\/wp\/v2\/tags?post=3348"},{"taxonomy":"manset","embeddable":true,"href":"https:\/\/www.urfabugun.com\/index.php\/wp-json\/wp\/v2\/manset?post=3348"}],"curies":[{"name":"wp","href":"https:\/\/api.w.org\/{rel}","templated":true}]}}