{"id":3379,"date":"2023-03-08T14:56:07","date_gmt":"2023-03-08T11:56:07","guid":{"rendered":"https:\/\/www.urfabugun.com\/?p=3379"},"modified":"2023-03-08T14:56:29","modified_gmt":"2023-03-08T11:56:29","slug":"depremzede-ogrencileri-sevindiren-gelisme","status":"publish","type":"post","link":"https:\/\/www.urfabugun.com\/index.php\/2023\/03\/08\/depremzede-ogrencileri-sevindiren-gelisme\/","title":{"rendered":"Depremzede \u00d6\u011frencileri Sevindiren Geli\u015fme!"},"content":{"rendered":"\n<p><\/p>\n\n\n\n<p><strong>Y\u00fcksek\u00f6\u011fretim Kurumlar\u0131 S\u0131nav\u0131 (YKS) kay\u0131tlar\u0131 ba\u015flad\u0131. \u00d6SYM, kay\u0131tlar\u0131n bug\u00fcn ba\u015flad\u0131\u011f\u0131n\u0131 duyurdu. Deprem afetinin ya\u015fand\u0131\u011f\u0131 11 ilde s\u0131nava girecekler s\u0131nav \u00fccretinden muaf tutuldu.<\/strong><\/p>\n\n\n\n<p>\u00d6SYM&#8217;den yap\u0131lan a\u00e7\u0131klamaya g\u00f6re YKS 2023 s\u0131nav kay\u0131tlar\u0131 bug\u00fcn saat 12 itibariyle ba\u015flad\u0131. Y\u00fczbinlerce \u00f6\u011frencinin hayali olan \u00dcniversite i\u00e7in bu y\u0131l yeniden ter d\u00f6k\u00fclecek.<\/p>\n\n\n\n<p>6 \u015eubat g\u00fcn\u00fc Kahramanmara\u015f merkezli meydana gelen depremlerin ard\u0131ndan 11 ilde b\u00fcy\u00fck enkazlar olu\u015ftu. Afet b\u00f6lgesi ilan edilen 11 il ile ilgili \u00d6SYM \u00f6nemli bir karar alarak, bu illerde s\u0131nava girecek ki\u015filerden s\u0131nav \u00fccreti al\u0131nmayaca\u011f\u0131n\u0131 duyurdu.<\/p>\n\n\n\n<p>Kahramanmara\u015f, Hatay, Ad\u0131yaman, \u015eanl\u0131urfa, Adana, Elaz\u0131\u011f, Malatya, Gaziantep, Kilis,&nbsp;Diyarbak\u0131r ve Osmaniye s\u0131nav \u00fccretinden muaf tutulan iller.&nbsp;<\/p>\n\n\n\n<p>\u00d6te yandan depremden en fazla etkilenen Kahramanmara\u015f, Hatay, Ad\u0131yaman ve Malatya&#8217;da YKS s\u0131nav\u0131 yap\u0131lmayacak.<\/p>\n\n\n\n<p>Bug\u00fcn ba\u015flayan YKS ba\u015fvurular\u0131 28 Mart&#8217;ta sona erecek. S\u0131nav ise 17-18 Haziran tarihlerinde yap\u0131lacak.<\/p>\n\n\n\n<p>Kaynak:Urfastar&nbsp;<\/p>\n","protected":false},"excerpt":{"rendered":"<p>Y\u00fcksek\u00f6\u011fretim Kurumlar\u0131 S\u0131nav\u0131 (YKS) kay\u0131tlar\u0131 ba\u015flad\u0131. \u00d6SYM, kay\u0131tlar\u0131n bug\u00fcn ba\u015flad\u0131\u011f\u0131n\u0131 duyurdu. Deprem afetinin ya\u015fand\u0131\u011f\u0131 11 ilde&#46;&#46;&#46;<\/p>\n","protected":false},"author":2,"featured_media":3381,"comment_status":"open","ping_status":"open","sticky":false,"template":"","format":"standard","meta":{"inline_featured_image":false,"footnotes":""},"categories":[79],"tags":[404,178,768,191,118,107,93,770],"manset":[],"class_list":["post-3379","post","type-post","status-publish","format-standard","has-post-thumbnail","hentry","category-egitim-haberleri","tag-adiyaman","tag-deprem","tag-depremzede-ogrencileri-sevindiren-gelisme","tag-egitim","tag-sanliurfa","tag-ub","tag-ust","tag-yks"],"_links":{"self":[{"href":"https:\/\/www.urfabugun.com\/index.php\/wp-json\/wp\/v2\/posts\/3379","targetHints":{"allow":["GET"]}}],"collection":[{"href":"https:\/\/www.urfabugun.com\/index.php\/wp-json\/wp\/v2\/posts"}],"about":[{"href":"https:\/\/www.urfabugun.com\/index.php\/wp-json\/wp\/v2\/types\/post"}],"author":[{"embeddable":true,"href":"https:\/\/www.urfabugun.com\/index.php\/wp-json\/wp\/v2\/users\/2"}],"replies":[{"embeddable":true,"href":"https:\/\/www.urfabugun.com\/index.php\/wp-json\/wp\/v2\/comments?post=3379"}],"version-history":[{"count":0,"href":"https:\/\/www.urfabugun.com\/index.php\/wp-json\/wp\/v2\/posts\/3379\/revisions"}],"wp:featuredmedia":[{"embeddable":true,"href":"https:\/\/www.urfabugun.com\/index.php\/wp-json\/wp\/v2\/media\/3381"}],"wp:attachment":[{"href":"https:\/\/www.urfabugun.com\/index.php\/wp-json\/wp\/v2\/media?parent=3379"}],"wp:term":[{"taxonomy":"category","embeddable":true,"href":"https:\/\/www.urfabugun.com\/index.php\/wp-json\/wp\/v2\/categories?post=3379"},{"taxonomy":"post_tag","embeddable":true,"href":"https:\/\/www.urfabugun.com\/index.php\/wp-json\/wp\/v2\/tags?post=3379"},{"taxonomy":"manset","embeddable":true,"href":"https:\/\/www.urfabugun.com\/index.php\/wp-json\/wp\/v2\/manset?post=3379"}],"curies":[{"name":"wp","href":"https:\/\/api.w.org\/{rel}","templated":true}]}}