{"id":3458,"date":"2023-03-10T14:53:44","date_gmt":"2023-03-10T11:53:44","guid":{"rendered":"https:\/\/www.urfabugun.com\/?p=3458"},"modified":"2023-03-10T14:56:12","modified_gmt":"2023-03-10T11:56:12","slug":"genc-girisimciler-istihdam-atagi","status":"publish","type":"post","link":"https:\/\/www.urfabugun.com\/index.php\/2023\/03\/10\/genc-girisimciler-istihdam-atagi\/","title":{"rendered":"Gen\u00e7 Giri\u015fimcilerden \u0130stihdam Ata\u011f\u0131!"},"content":{"rendered":"\n<p><\/p>\n\n\n\n<p><strong>\u015eanl\u0131urfa 1.Organize sanayi sitesinde Gen\u00e7 giri\u015fimcilerin deste\u011fiyle kurulan Acem Prefabrik g\u00fcven tazeledi.<\/strong><\/p>\n\n\n\n<figure class=\"wp-block-image size-large\"><img loading=\"lazy\" decoding=\"async\" width=\"768\" height=\"1024\" src=\"https:\/\/www.urfabugun.com\/wp-content\/uploads\/2023\/03\/06f81243-1f09-4ed7-a777-2a038c82fd77-768x1024.jpg\" alt=\"\" class=\"wp-image-3460\"\/><\/figure>\n\n\n\n<p>\u015eanl\u0131urfa 1. Organize sanayi sitesinde tamam\u0131 m\u00fchendis olan gen\u00e7 kadro Mahmut Acemo\u011flu, Ferhan Can \u00c7er\u00e7i, Mustafa Canpolat ,Furkan Aksoy ve Muhammed Bakay&nbsp; dostlar\u0131n\u0131n kat\u0131l\u0131m\u0131yla ger\u00e7ekle\u015fen a\u00e7\u0131l\u0131\u015fta ilk etapta 30 ki\u015filik istihdam sa\u011flad\u0131.<\/p>\n\n\n\n<p>Gen\u00e7 giri\u015fimciler Tamam\u0131 m\u00fchendislerden olu\u015fan dinamik kadrolar\u0131yla g\u00fcven tazeleyip memleketleri i\u00e7in en iyisini hedeflediklerini dile getirdiler.<\/p>\n\n\n\n<figure class=\"wp-block-image size-large\"><img loading=\"lazy\" decoding=\"async\" width=\"806\" height=\"1024\" src=\"https:\/\/www.urfabugun.com\/wp-content\/uploads\/2023\/03\/dd86e129-a8f9-4407-ae50-22700cb45376-806x1024.jpg\" alt=\"\" class=\"wp-image-3461\"\/><\/figure>\n","protected":false},"excerpt":{"rendered":"<p>\u015eanl\u0131urfa 1.Organize sanayi sitesinde Gen\u00e7 giri\u015fimcilerin deste\u011fiyle kurulan Acem Prefabrik g\u00fcven tazeledi. \u015eanl\u0131urfa 1. Organize sanayi&#46;&#46;&#46;<\/p>\n","protected":false},"author":2,"featured_media":3462,"comment_status":"open","ping_status":"open","sticky":false,"template":"","format":"standard","meta":{"inline_featured_image":false,"footnotes":""},"categories":[82],"tags":[178,805,118,131,107,130,554,93],"manset":[],"class_list":["post-3458","post","type-post","status-publish","format-standard","has-post-thumbnail","hentry","category-gundem-haberleri","tag-deprem","tag-genc-girisimciler","tag-sanliurfa","tag-son-dakika","tag-ub","tag-urfa","tag-urfabugun","tag-ust"],"_links":{"self":[{"href":"https:\/\/www.urfabugun.com\/index.php\/wp-json\/wp\/v2\/posts\/3458","targetHints":{"allow":["GET"]}}],"collection":[{"href":"https:\/\/www.urfabugun.com\/index.php\/wp-json\/wp\/v2\/posts"}],"about":[{"href":"https:\/\/www.urfabugun.com\/index.php\/wp-json\/wp\/v2\/types\/post"}],"author":[{"embeddable":true,"href":"https:\/\/www.urfabugun.com\/index.php\/wp-json\/wp\/v2\/users\/2"}],"replies":[{"embeddable":true,"href":"https:\/\/www.urfabugun.com\/index.php\/wp-json\/wp\/v2\/comments?post=3458"}],"version-history":[{"count":0,"href":"https:\/\/www.urfabugun.com\/index.php\/wp-json\/wp\/v2\/posts\/3458\/revisions"}],"wp:featuredmedia":[{"embeddable":true,"href":"https:\/\/www.urfabugun.com\/index.php\/wp-json\/wp\/v2\/media\/3462"}],"wp:attachment":[{"href":"https:\/\/www.urfabugun.com\/index.php\/wp-json\/wp\/v2\/media?parent=3458"}],"wp:term":[{"taxonomy":"category","embeddable":true,"href":"https:\/\/www.urfabugun.com\/index.php\/wp-json\/wp\/v2\/categories?post=3458"},{"taxonomy":"post_tag","embeddable":true,"href":"https:\/\/www.urfabugun.com\/index.php\/wp-json\/wp\/v2\/tags?post=3458"},{"taxonomy":"manset","embeddable":true,"href":"https:\/\/www.urfabugun.com\/index.php\/wp-json\/wp\/v2\/manset?post=3458"}],"curies":[{"name":"wp","href":"https:\/\/api.w.org\/{rel}","templated":true}]}}