{"id":3466,"date":"2023-03-10T15:00:26","date_gmt":"2023-03-10T12:00:26","guid":{"rendered":"https:\/\/www.urfabugun.com\/?p=3466"},"modified":"2023-03-10T15:00:32","modified_gmt":"2023-03-10T12:00:32","slug":"baskan-yavuzdan-cagri","status":"publish","type":"post","link":"https:\/\/www.urfabugun.com\/index.php\/2023\/03\/10\/baskan-yavuzdan-cagri\/","title":{"rendered":"Ba\u015fkan Yavuz\u2019dan \u00c7a\u011fr\u0131!"},"content":{"rendered":"\n<p><\/p>\n\n\n\n<p><strong>\u015eanl\u0131urfa \u015eehit Aileler Dernek Ba\u015fkan\u0131 Mehmet Yavuz, Binlerce \u015fehidin, binlerce masumun katili, b\u00f6l\u00fcc\u00fc ter\u00f6r \u00f6rg\u00fct\u00fc PKK&#8217;n\u0131n siyasi \u015fubesi HDP&#8217;ye hazine yard\u0131m\u0131 blokesinin kald\u0131r\u0131lmas\u0131 karar\u0131na evet diyenlere, \u015fehitlerimizin ve gazilerimizin hakk\u0131 helal de\u011fildir.<\/strong><\/p>\n\n\n\n<p>Anayasa Mahkemesi taraf\u0131ndan HDP&#8217;nin hazine yard\u0131m\u0131 blokesini oy \u00e7oklu\u011fuyla kald\u0131rmas\u0131 karar\u0131na k\u0131nayan \u015eanl\u0131urfa \u015eehit Aileler Dernek Ba\u015fkan Mehmet Yavuz 539.5 milyon liral\u0131k hazine yard\u0131m\u0131n\u0131n \u015eehit Ailelerimiz ve Gazilerimiz deprem b\u00f6lgelerine g\u00f6nderilmesini isteyorlar., \u201cB\u00f6ylece hem \u015fehitlerimizin kemiklerini s\u0131zlatan bir utan\u00e7tan kurtulmu\u015f hem de depremzede karde\u015flerimizin yaralar\u0131n\u0131n sar\u0131lmas\u0131na vesile olmu\u015f oluruz\u201d dedi.<\/p>\n\n\n\n<blockquote class=\"wp-block-quote is-layout-flow wp-block-quote-is-layout-flow\">\n<p>\u015eanl\u0131urfa \u015eehit Aileler Dernek Ba\u015fkan\u0131 Mehmet Yavuz, \u015funlar\u0131 dile getirdi: \u201cMerkez \u00fcss\u00fc Kahramanmara\u015f olan ve bir\u00e7ok ilimizden de hissedilen depremde hayat\u0131n\u0131 kaybeden vatanda\u015flar\u0131m\u0131za Allah\u2019tan rahmet, yaral\u0131lara acil \u015fifalar diliyoruz. Can\u0131m\u0131z yand\u0131 milet olarak birle\u015ftik, kenetlendik ve tek y\u00fcrek olduk t\u00fcm d\u00fcnyaya birli\u011fimizi ve dirli\u011fimizi g\u00f6sterdik.<\/p>\n\n\n\n<p>Binlerce \u015fehidin, binlerce masumun katili, b\u00f6l\u00fcc\u00fc ter\u00f6r \u00f6rg\u00fct\u00fc PKK&#8217;n\u0131n siyasi \u015fubesi HDP&#8217;ye hazine yard\u0131m\u0131 blokesinin kald\u0131r\u0131lmas\u0131 karar\u0131na evet diyenlere, \u015fehitlerimizin ve gazilerimizin hakk\u0131 helal de\u011fildir.<\/p>\n\n\n\n<p>HDP\u2019ye verilecek olan hazine yard\u0131m\u0131n\u0131n, gerekli yasal d\u00fczenlemelerin yap\u0131larak depremde zarar g\u00f6ren 11 \u0130limizdeki depremzedeler i\u00e7in yap\u0131lan faaliyetler ve yard\u0131mlarda kullan\u0131lmak \u00fczere bu b\u00f6lgeye g\u00f6nderilmesini istiyoruz. B\u00f6ylece \u015fehitlerimizin kemiklerini s\u0131zlatan, gazilerimizin yaralar\u0131n\u0131 kanatan PKK\u2019n\u0131n siyasi uzant\u0131s\u0131 HDP\u2019ye hazine yard\u0131m\u0131 utanc\u0131ndan da kurtulmu\u015f oluruz\u201d dedi.<\/p>\n<\/blockquote>\n","protected":false},"excerpt":{"rendered":"<p>\u015eanl\u0131urfa \u015eehit Aileler Dernek Ba\u015fkan\u0131 Mehmet Yavuz, Binlerce \u015fehidin, binlerce masumun katili, b\u00f6l\u00fcc\u00fc ter\u00f6r \u00f6rg\u00fct\u00fc PKK&#8217;n\u0131n&#46;&#46;&#46;<\/p>\n","protected":false},"author":2,"featured_media":3468,"comment_status":"open","ping_status":"open","sticky":false,"template":"","format":"standard","meta":{"inline_featured_image":false,"footnotes":""},"categories":[82],"tags":[806,279,324,118,213,131,139,107],"manset":[],"class_list":["post-3466","post","type-post","status-publish","format-standard","has-post-thumbnail","hentry","category-gundem-haberleri","tag-anayasa-mahkemesi","tag-hdp","tag-mehmet-yavuz","tag-sanliurfa","tag-secim","tag-son-dakika","tag-sondakika","tag-ub"],"_links":{"self":[{"href":"https:\/\/www.urfabugun.com\/index.php\/wp-json\/wp\/v2\/posts\/3466","targetHints":{"allow":["GET"]}}],"collection":[{"href":"https:\/\/www.urfabugun.com\/index.php\/wp-json\/wp\/v2\/posts"}],"about":[{"href":"https:\/\/www.urfabugun.com\/index.php\/wp-json\/wp\/v2\/types\/post"}],"author":[{"embeddable":true,"href":"https:\/\/www.urfabugun.com\/index.php\/wp-json\/wp\/v2\/users\/2"}],"replies":[{"embeddable":true,"href":"https:\/\/www.urfabugun.com\/index.php\/wp-json\/wp\/v2\/comments?post=3466"}],"version-history":[{"count":0,"href":"https:\/\/www.urfabugun.com\/index.php\/wp-json\/wp\/v2\/posts\/3466\/revisions"}],"wp:featuredmedia":[{"embeddable":true,"href":"https:\/\/www.urfabugun.com\/index.php\/wp-json\/wp\/v2\/media\/3468"}],"wp:attachment":[{"href":"https:\/\/www.urfabugun.com\/index.php\/wp-json\/wp\/v2\/media?parent=3466"}],"wp:term":[{"taxonomy":"category","embeddable":true,"href":"https:\/\/www.urfabugun.com\/index.php\/wp-json\/wp\/v2\/categories?post=3466"},{"taxonomy":"post_tag","embeddable":true,"href":"https:\/\/www.urfabugun.com\/index.php\/wp-json\/wp\/v2\/tags?post=3466"},{"taxonomy":"manset","embeddable":true,"href":"https:\/\/www.urfabugun.com\/index.php\/wp-json\/wp\/v2\/manset?post=3466"}],"curies":[{"name":"wp","href":"https:\/\/api.w.org\/{rel}","templated":true}]}}