{"id":3470,"date":"2023-03-10T15:48:46","date_gmt":"2023-03-10T12:48:46","guid":{"rendered":"https:\/\/www.urfabugun.com\/?p=3470"},"modified":"2023-03-10T15:48:52","modified_gmt":"2023-03-10T12:48:52","slug":"baskan-aslan-gundemi-degerlendirdi","status":"publish","type":"post","link":"https:\/\/www.urfabugun.com\/index.php\/2023\/03\/10\/baskan-aslan-gundemi-degerlendirdi\/","title":{"rendered":"Ba\u015fkan Aslan G\u00fcndemi De\u011ferlendirdi!"},"content":{"rendered":"\n<p><\/p>\n\n\n\n<p><strong>\u015eanl\u0131urfa \u015e\u0131rac\u0131lar ve Kuruyemi\u015f\u00e7iler odas\u0131 ba\u015fkan\u0131 Ahmet Aslan G\u00fcndemi De\u011ferlendirdi.<\/strong><\/p>\n\n\n\n<p>Ba\u015fkan Aslan 6 \u015eubat Depreminde \u015e\u0131rac\u0131lar ve Kuruyemi\u015f\u00e7iler Odas\u0131 Esnaf\u2019\u0131n\u0131n zarar g\u00f6rmedi\u011fini belirterek Depremde Vefat Edenlere Allah\u2019tan rahmet diledi.<\/p>\n\n\n\n<figure class=\"wp-block-image size-full\"><img loading=\"lazy\" decoding=\"async\" width=\"1024\" height=\"766\" src=\"https:\/\/www.urfabugun.com\/wp-content\/uploads\/2023\/03\/ahmet-aslan.jpg\" alt=\"\" class=\"wp-image-3473\"\/><\/figure>\n\n\n\n<p>Ba\u015fkan Aslan a\u00e7\u0131klamas\u0131nda \u015fu ifadelere yer verdi: \u00dclkemiz 6 \u015eubatta asr\u0131n felaketini ya\u015fayarak Millet\u00e7e b\u00fcy\u00fck bir zorlu s\u0131navdan ge\u00e7tik. Depremde vefat eden Karde\u015flerimize Allah\u2019tan Rahmet Yak\u0131nlar\u0131nda da ba\u015f sa\u011fl\u0131\u011f\u0131 diliyor ve Rabbim Bu t\u00fcr felaketleri \u00dclkemize bir daha ya\u015fatmas\u0131n diyorum. 6 \u015eubatta meydana gelen depremde \u015fire pazar\u0131m\u0131z \u00e7ok \u015f\u00fck\u00fcr ki zarar g\u00f6rmedi. Ba\u015fkan Aslan Baklava fiyatlar\u0131na gelince F\u0131st\u0131k fiyatlar\u0131ndan kaynaklanmad\u0131\u011f\u0131n\u0131 belirtti.<\/p>\n","protected":false},"excerpt":{"rendered":"<p>\u015eanl\u0131urfa \u015e\u0131rac\u0131lar ve Kuruyemi\u015f\u00e7iler odas\u0131 ba\u015fkan\u0131 Ahmet Aslan G\u00fcndemi De\u011ferlendirdi. Ba\u015fkan Aslan 6 \u015eubat Depreminde \u015e\u0131rac\u0131lar&#46;&#46;&#46;<\/p>\n","protected":false},"author":2,"featured_media":3472,"comment_status":"open","ping_status":"open","sticky":false,"template":"","format":"standard","meta":{"inline_featured_image":false,"footnotes":""},"categories":[82],"tags":[808,696,118,807,131,107],"manset":[],"class_list":["post-3470","post","type-post","status-publish","format-standard","has-post-thumbnail","hentry","category-gundem-haberleri","tag-ahmet-aslan","tag-gundem","tag-sanliurfa","tag-sanliurfa-siracilar-ve-kuruyemisciler-odasi-baskani-ahmet-aslan","tag-son-dakika","tag-ub"],"_links":{"self":[{"href":"https:\/\/www.urfabugun.com\/index.php\/wp-json\/wp\/v2\/posts\/3470","targetHints":{"allow":["GET"]}}],"collection":[{"href":"https:\/\/www.urfabugun.com\/index.php\/wp-json\/wp\/v2\/posts"}],"about":[{"href":"https:\/\/www.urfabugun.com\/index.php\/wp-json\/wp\/v2\/types\/post"}],"author":[{"embeddable":true,"href":"https:\/\/www.urfabugun.com\/index.php\/wp-json\/wp\/v2\/users\/2"}],"replies":[{"embeddable":true,"href":"https:\/\/www.urfabugun.com\/index.php\/wp-json\/wp\/v2\/comments?post=3470"}],"version-history":[{"count":0,"href":"https:\/\/www.urfabugun.com\/index.php\/wp-json\/wp\/v2\/posts\/3470\/revisions"}],"wp:featuredmedia":[{"embeddable":true,"href":"https:\/\/www.urfabugun.com\/index.php\/wp-json\/wp\/v2\/media\/3472"}],"wp:attachment":[{"href":"https:\/\/www.urfabugun.com\/index.php\/wp-json\/wp\/v2\/media?parent=3470"}],"wp:term":[{"taxonomy":"category","embeddable":true,"href":"https:\/\/www.urfabugun.com\/index.php\/wp-json\/wp\/v2\/categories?post=3470"},{"taxonomy":"post_tag","embeddable":true,"href":"https:\/\/www.urfabugun.com\/index.php\/wp-json\/wp\/v2\/tags?post=3470"},{"taxonomy":"manset","embeddable":true,"href":"https:\/\/www.urfabugun.com\/index.php\/wp-json\/wp\/v2\/manset?post=3470"}],"curies":[{"name":"wp","href":"https:\/\/api.w.org\/{rel}","templated":true}]}}