{"id":3476,"date":"2023-03-11T00:09:58","date_gmt":"2023-03-10T21:09:58","guid":{"rendered":"https:\/\/www.urfabugun.com\/?p=3476"},"modified":"2023-03-11T00:10:05","modified_gmt":"2023-03-10T21:10:05","slug":"eyyubiyede-agir-hasarli-yapilar-yikiliyor","status":"publish","type":"post","link":"https:\/\/www.urfabugun.com\/index.php\/2023\/03\/11\/eyyubiyede-agir-hasarli-yapilar-yikiliyor\/","title":{"rendered":"Eyy\u00fcbiye\u2019de A\u011f\u0131r Hasarl\u0131 Yap\u0131lar Y\u0131k\u0131l\u0131yor!"},"content":{"rendered":"\n<p><\/p>\n\n\n\n<p><strong>T\u00fcrkiye\u2019yi sarsan 6 \u015eubat 2023 depremlerinin ard\u0131ndan \u015eanl\u0131urfa\u2019n\u0131n Eyy\u00fcbiye il\u00e7esinde a\u011f\u0131r hasar g\u00f6ren yap\u0131lar, belediye ekipleri taraf\u0131ndan y\u0131k\u0131l\u0131yor. <\/strong><br>A\u011f\u0131r hasarl\u0131 t\u00fcm yap\u0131lar\u0131n y\u0131k\u0131m\u0131n\u0131n ger\u00e7ekle\u015ftirilece\u011fini belirten yetkililer, riskli yap\u0131lardan uzak durulmas\u0131n\u0131 tekrarl\u0131yor.<\/p>\n\n\n\n<p><br>Deprem afetinin ilk g\u00fcn\u00fcnden itibaren \u00c7evre \u015eehircilik ve \u0130klim De\u011fi\u015fikli\u011fi \u0130l M\u00fcd\u00fcrl\u00fc\u011f\u00fc m\u00fchendisleriyle birlikte, il\u00e7e genelindeki t\u00fcm yap\u0131lar\u0131 kontrol eden Eyy\u00fcbiye Belediyesi, a\u011f\u0131r hasarl\u0131 olarak tespit edilen yap\u0131lar\u0131 m\u00fch\u00fcrlemi\u015fti. \u0130\u00e7erisine girilmesi yasaklanan ve g\u00fcvenlik band\u0131 \u00e7ekilerek \u00f6nlem al\u0131nan a\u011f\u0131r hasarl\u0131 yap\u0131lar, resmi i\u015flemlerinin tamamlanmas\u0131n\u0131n ard\u0131ndan y\u0131k\u0131lmaya ba\u015fland\u0131. \u015eanl\u0131urfa\u2019n\u0131n tarihi sokaklar\u0131n\u0131n tamam\u0131n\u0131n yer ald\u0131\u011f\u0131 il\u00e7ede, depremde a\u011f\u0131r hasar alan ve sokaklar\u0131 t\u0131kayacak \u015fekilde y\u0131k\u0131lan duvarlar da ge\u00e7ti\u011fimiz g\u00fcnlerde Eyy\u00fcbiye Belediyesi taraf\u0131ndan kald\u0131r\u0131lm\u0131\u015ft\u0131<\/p>\n","protected":false},"excerpt":{"rendered":"<p>T\u00fcrkiye\u2019yi sarsan 6 \u015eubat 2023 depremlerinin ard\u0131ndan \u015eanl\u0131urfa\u2019n\u0131n Eyy\u00fcbiye il\u00e7esinde a\u011f\u0131r hasar g\u00f6ren yap\u0131lar, belediye ekipleri&#46;&#46;&#46;<\/p>\n","protected":false},"author":2,"featured_media":3478,"comment_status":"open","ping_status":"open","sticky":false,"template":"","format":"standard","meta":{"inline_featured_image":false,"footnotes":""},"categories":[82],"tags":[404,178,194,809,295,118,131,139,107,93],"manset":[],"class_list":["post-3476","post","type-post","status-publish","format-standard","has-post-thumbnail","hentry","category-gundem-haberleri","tag-adiyaman","tag-deprem","tag-eyyubiye","tag-eyyubiye-belediyesi","tag-kar","tag-sanliurfa","tag-son-dakika","tag-sondakika","tag-ub","tag-ust"],"_links":{"self":[{"href":"https:\/\/www.urfabugun.com\/index.php\/wp-json\/wp\/v2\/posts\/3476","targetHints":{"allow":["GET"]}}],"collection":[{"href":"https:\/\/www.urfabugun.com\/index.php\/wp-json\/wp\/v2\/posts"}],"about":[{"href":"https:\/\/www.urfabugun.com\/index.php\/wp-json\/wp\/v2\/types\/post"}],"author":[{"embeddable":true,"href":"https:\/\/www.urfabugun.com\/index.php\/wp-json\/wp\/v2\/users\/2"}],"replies":[{"embeddable":true,"href":"https:\/\/www.urfabugun.com\/index.php\/wp-json\/wp\/v2\/comments?post=3476"}],"version-history":[{"count":0,"href":"https:\/\/www.urfabugun.com\/index.php\/wp-json\/wp\/v2\/posts\/3476\/revisions"}],"wp:featuredmedia":[{"embeddable":true,"href":"https:\/\/www.urfabugun.com\/index.php\/wp-json\/wp\/v2\/media\/3478"}],"wp:attachment":[{"href":"https:\/\/www.urfabugun.com\/index.php\/wp-json\/wp\/v2\/media?parent=3476"}],"wp:term":[{"taxonomy":"category","embeddable":true,"href":"https:\/\/www.urfabugun.com\/index.php\/wp-json\/wp\/v2\/categories?post=3476"},{"taxonomy":"post_tag","embeddable":true,"href":"https:\/\/www.urfabugun.com\/index.php\/wp-json\/wp\/v2\/tags?post=3476"},{"taxonomy":"manset","embeddable":true,"href":"https:\/\/www.urfabugun.com\/index.php\/wp-json\/wp\/v2\/manset?post=3476"}],"curies":[{"name":"wp","href":"https:\/\/api.w.org\/{rel}","templated":true}]}}