{"id":3513,"date":"2023-03-11T20:14:48","date_gmt":"2023-03-11T17:14:48","guid":{"rendered":"https:\/\/www.urfabugun.com\/?p=3513"},"modified":"2023-03-11T20:14:54","modified_gmt":"2023-03-11T17:14:54","slug":"huda-pardan-cumhur-ittifakina-katildi","status":"publish","type":"post","link":"https:\/\/www.urfabugun.com\/index.php\/2023\/03\/11\/huda-pardan-cumhur-ittifakina-katildi\/","title":{"rendered":"H\u00dcDA PAR&#8217;dan Cumhur \u0130ttifak\u0131&#8217;na Kat\u0131ld\u0131!"},"content":{"rendered":"\n<p><\/p>\n\n\n\n<p><strong>H\u00fcr Dava Partisi (H\u00dcDA PAR) Cumhur \u0130ttifak\u0131&#8217;n\u0131 destekleme karar\u0131 kald\u0131. Bu kapsamda H\u00dcDA PAR, 14 May\u0131s&#8217;taki se\u00e7imde\u00a0 cumhurba\u015fkan\u0131 aday\u0131 g\u00f6stermeyerek, Cumhurba\u015fkan\u0131 Recep Tayyip Erdo\u011fan&#8217;\u0131 destekleyecek.<\/strong><\/p>\n\n\n\n<p>H\u00fcr Dava Partisi (H\u00dcDA PAR) Genel Ba\u015fkan\u0131 Zekeriya Yap\u0131c\u0131o\u011flu, &#8220;2023 Cumhurba\u015fkanl\u0131\u011f\u0131 se\u00e7iminde Cumhur \u0130ttifak\u0131 aday\u0131 Recep Tayyip Erdo\u011fan&#8217;\u0131 destekleme karar\u0131 ald\u0131k. Parlamento se\u00e7imleriyle ilgili de g\u00f6r\u00fc\u015fmelerimiz devam ediyor.&#8221; dedi.<\/p>\n","protected":false},"excerpt":{"rendered":"<p>H\u00fcr Dava Partisi (H\u00dcDA PAR) Cumhur \u0130ttifak\u0131&#8217;n\u0131 destekleme karar\u0131 kald\u0131. Bu kapsamda H\u00dcDA PAR, 14 May\u0131s&#8217;taki&#46;&#46;&#46;<\/p>\n","protected":false},"author":2,"featured_media":3515,"comment_status":"open","ping_status":"open","sticky":false,"template":"","format":"standard","meta":{"inline_featured_image":false,"footnotes":""},"categories":[82],"tags":[178,824,131,139,107,93],"manset":[],"class_list":["post-3513","post","type-post","status-publish","format-standard","has-post-thumbnail","hentry","category-gundem-haberleri","tag-deprem","tag-huda-par-cumhur-ittifakina-katildi","tag-son-dakika","tag-sondakika","tag-ub","tag-ust"],"_links":{"self":[{"href":"https:\/\/www.urfabugun.com\/index.php\/wp-json\/wp\/v2\/posts\/3513","targetHints":{"allow":["GET"]}}],"collection":[{"href":"https:\/\/www.urfabugun.com\/index.php\/wp-json\/wp\/v2\/posts"}],"about":[{"href":"https:\/\/www.urfabugun.com\/index.php\/wp-json\/wp\/v2\/types\/post"}],"author":[{"embeddable":true,"href":"https:\/\/www.urfabugun.com\/index.php\/wp-json\/wp\/v2\/users\/2"}],"replies":[{"embeddable":true,"href":"https:\/\/www.urfabugun.com\/index.php\/wp-json\/wp\/v2\/comments?post=3513"}],"version-history":[{"count":0,"href":"https:\/\/www.urfabugun.com\/index.php\/wp-json\/wp\/v2\/posts\/3513\/revisions"}],"wp:featuredmedia":[{"embeddable":true,"href":"https:\/\/www.urfabugun.com\/index.php\/wp-json\/wp\/v2\/media\/3515"}],"wp:attachment":[{"href":"https:\/\/www.urfabugun.com\/index.php\/wp-json\/wp\/v2\/media?parent=3513"}],"wp:term":[{"taxonomy":"category","embeddable":true,"href":"https:\/\/www.urfabugun.com\/index.php\/wp-json\/wp\/v2\/categories?post=3513"},{"taxonomy":"post_tag","embeddable":true,"href":"https:\/\/www.urfabugun.com\/index.php\/wp-json\/wp\/v2\/tags?post=3513"},{"taxonomy":"manset","embeddable":true,"href":"https:\/\/www.urfabugun.com\/index.php\/wp-json\/wp\/v2\/manset?post=3513"}],"curies":[{"name":"wp","href":"https:\/\/api.w.org\/{rel}","templated":true}]}}