{"id":3517,"date":"2023-03-12T10:03:27","date_gmt":"2023-03-12T07:03:27","guid":{"rendered":"https:\/\/www.urfabugun.com\/?p=3517"},"modified":"2023-03-12T10:03:33","modified_gmt":"2023-03-12T07:03:33","slug":"eytde-yeni-gelisme","status":"publish","type":"post","link":"https:\/\/www.urfabugun.com\/index.php\/2023\/03\/12\/eytde-yeni-gelisme\/","title":{"rendered":"EYT&#8217;de Yeni Geli\u015fme!"},"content":{"rendered":"\n<p><\/p>\n\n\n\n<p><strong>Hazine ve Maliye Bakan\u0131 Nureddin Nebati, EYT d\u00fczenlemesinin i\u015f d\u00fcnyas\u0131 \u00fczerindeki y\u00fck\u00fcn\u00fc hafifletmek i\u00e7in daha \u00f6nce a\u00e7\u0131klad\u0131klar\u0131 Hazine destekli KGF paketinde bu kapsamdaki k\u0131dem tazminat\u0131 kefalet hacmini 25 milyar liradan 50 milyar liraya \u00e7\u0131kard\u0131klar\u0131n\u0131 a\u00e7\u0131klad\u0131.<\/strong><\/p>\n\n\n\n<p><strong>&#8220;\u0130\u015e D\u00dcNYASI \u00dcZER\u0130NDEK\u0130 Y\u00dcK\u00dc HAF\u0130FLETMEK \u0130\u00c7\u0130N 50 M\u0130LYAR L\u0130RAYA \u00c7IKARIYORUZ&#8221;<\/strong><\/p>\n\n\n\n<p>Bu b\u00fcy\u00fck felaketin can kay\u0131plar\u0131na yol a\u00e7mas\u0131n\u0131n yan\u0131 s\u0131ra b\u00fct\u00e7eye de ek bir maliyet getirece\u011fini ancak att\u0131klar\u0131 ad\u0131mlar sayesinde ekonominin bu felaketin \u00fcstesinden gelecek g\u00fcce sahip oldu\u011funu aktaran Nebati, &#8220;<a href=\"https:\/\/www.sondakika.com\/turkiye\/\" target=\"_blank\" rel=\"noopener\"><strong>T\u00fcrkiye<\/strong><\/a>&nbsp;2022 y\u0131l\u0131nda elde etti\u011fimiz y\u00fczde 5,6&#8217;l\u0131k b\u00fcy\u00fcme oran\u0131yla d\u00fcnyada en y\u00fcksek b\u00fcy\u00fcme ger\u00e7ekle\u015ftirmeyi ba\u015faran \u00fclkelerden biri konumundad\u0131r. Bu g\u00fc\u00e7l\u00fc b\u00fcy\u00fcme performans\u0131m\u0131z\u0131n olu\u015fturdu\u011fu mali imkanlar sayesinde vatanda\u015flar\u0131m\u0131za daha \u00f6nce s\u00f6z\u00fcn\u00fc verdi\u011fimiz&nbsp;<a href=\"https:\/\/www.sondakika.com\/eyt\/\" target=\"_blank\" rel=\"noopener\"><strong>EYT<\/strong><\/a>&#8216;yi uygulamaya koyduk. T\u00fcm emeklilerimize tekrar hay\u0131rl\u0131 olsun.&nbsp;<a href=\"https:\/\/www.sondakika.com\/deprem\/\" target=\"_blank\" rel=\"noopener\"><strong>Deprem<\/strong><\/a>&nbsp;felaketinden kaynaklanan hasarlar\u0131 da telafi edecek g\u00fc\u00e7l\u00fc bir mali yap\u0131ya sahibiz. EYT&#8217;nin i\u015f d\u00fcnyas\u0131 \u00fczerindeki y\u00fck\u00fcn\u00fc hafifletmek i\u00e7in daha \u00f6nce a\u00e7\u0131klad\u0131\u011f\u0131m\u0131z Hazine destekli KGF paketinde EYT kapsam\u0131ndaki k\u0131dem tazminat\u0131 kefalet hacmini 25 milyar liradan 50 milyar liraya \u00e7\u0131kar\u0131yoruz. Bu d\u00f6nemde dahi EYT&#8217;yi uygulamaya koymam\u0131z, h\u00fck\u00fcmet olarak, verdi\u011fimiz s\u00f6zlerin her daim arkas\u0131nda durdu\u011fumuzun en g\u00fcncel \u00f6rneklerinden biridir.&#8221; diye konu\u015ftu.<\/p>\n","protected":false},"excerpt":{"rendered":"<p>Hazine ve Maliye Bakan\u0131 Nureddin Nebati, EYT d\u00fczenlemesinin i\u015f d\u00fcnyas\u0131 \u00fczerindeki y\u00fck\u00fcn\u00fc hafifletmek i\u00e7in daha \u00f6nce&#46;&#46;&#46;<\/p>\n","protected":false},"author":2,"featured_media":3519,"comment_status":"open","ping_status":"open","sticky":false,"template":"","format":"standard","meta":{"inline_featured_image":false,"footnotes":""},"categories":[82],"tags":[144,825,826,118,131,107,93],"manset":[],"class_list":["post-3517","post","type-post","status-publish","format-standard","has-post-thumbnail","hentry","category-gundem-haberleri","tag-eyt","tag-eyt-de-yeni-gelisme","tag-hazine-ve-maliye-bakani","tag-sanliurfa","tag-son-dakika","tag-ub","tag-ust"],"_links":{"self":[{"href":"https:\/\/www.urfabugun.com\/index.php\/wp-json\/wp\/v2\/posts\/3517","targetHints":{"allow":["GET"]}}],"collection":[{"href":"https:\/\/www.urfabugun.com\/index.php\/wp-json\/wp\/v2\/posts"}],"about":[{"href":"https:\/\/www.urfabugun.com\/index.php\/wp-json\/wp\/v2\/types\/post"}],"author":[{"embeddable":true,"href":"https:\/\/www.urfabugun.com\/index.php\/wp-json\/wp\/v2\/users\/2"}],"replies":[{"embeddable":true,"href":"https:\/\/www.urfabugun.com\/index.php\/wp-json\/wp\/v2\/comments?post=3517"}],"version-history":[{"count":0,"href":"https:\/\/www.urfabugun.com\/index.php\/wp-json\/wp\/v2\/posts\/3517\/revisions"}],"wp:featuredmedia":[{"embeddable":true,"href":"https:\/\/www.urfabugun.com\/index.php\/wp-json\/wp\/v2\/media\/3519"}],"wp:attachment":[{"href":"https:\/\/www.urfabugun.com\/index.php\/wp-json\/wp\/v2\/media?parent=3517"}],"wp:term":[{"taxonomy":"category","embeddable":true,"href":"https:\/\/www.urfabugun.com\/index.php\/wp-json\/wp\/v2\/categories?post=3517"},{"taxonomy":"post_tag","embeddable":true,"href":"https:\/\/www.urfabugun.com\/index.php\/wp-json\/wp\/v2\/tags?post=3517"},{"taxonomy":"manset","embeddable":true,"href":"https:\/\/www.urfabugun.com\/index.php\/wp-json\/wp\/v2\/manset?post=3517"}],"curies":[{"name":"wp","href":"https:\/\/api.w.org\/{rel}","templated":true}]}}