{"id":3521,"date":"2023-03-12T11:43:34","date_gmt":"2023-03-12T08:43:34","guid":{"rendered":"https:\/\/www.urfabugun.com\/?p=3521"},"modified":"2023-03-12T11:43:40","modified_gmt":"2023-03-12T08:43:40","slug":"baskan-canpolattan-12-mart-mesaji","status":"publish","type":"post","link":"https:\/\/www.urfabugun.com\/index.php\/2023\/03\/12\/baskan-canpolattan-12-mart-mesaji\/","title":{"rendered":"Ba\u015fkan Canpolat\u2019tan 12 Mart Mesaj\u0131!"},"content":{"rendered":"\n<p><\/p>\n\n\n\n<p><strong>Haliliye Belediye Ba\u015fkan\u0131 Mehmet Canpolat, 12 Mart \u0130stiklal Mar\u015f\u0131n\u0131n Kabul\u00fc ve Mehmet Akif Ersoy&#8217;u Anma G\u00fcn\u00fc dolay\u0131s\u0131yla yaz\u0131l\u0131 bir mesaj yay\u0131mlad\u0131.<\/strong><\/p>\n\n\n\n<p>Ba\u015fkan Mehmet Canpolat, mesaj\u0131nda \u015funlar\u0131 kaydetti:<\/p>\n\n\n\n<p>\u201cMilletimizin 20 y\u00fczy\u0131l\u0131n ba\u015f\u0131nda yedi d\u00fcvele kar\u015f\u0131 yapt\u0131\u011f\u0131 destans\u0131 m\u00fccadelenin tarihe nak\u015fedilmesini anlatan ve millet olma bilincini en g\u00fczel dizelerle ifade eden \u0130stiklal Mar\u015f\u0131&#8217;m\u0131z\u0131n mecliste 1921 y\u0131l\u0131nda kabul edili\u015finin y\u0131l d\u00f6n\u00fcm\u00fcnde, her bir ferdimizin ya\u015fad\u0131\u011f\u0131 gururu ya\u015f\u0131yoruz. Milli \u015eairimiz Mehmet Akif Ersoy, Cumhuriyetimizin temelinin at\u0131ld\u0131\u011f\u0131 en buhranl\u0131 d\u00f6nemlerde mecliste milletimizin duygular\u0131na terc\u00fcman olacak bir \u015fiirin yaz\u0131lmas\u0131 teklifini kabul ederek &#8220;Kahraman ordumuza&#8221; ba\u015fl\u0131\u011f\u0131yla y\u00fcz y\u0131l de\u011fil esas\u0131nda bin y\u0131l dillerden d\u00fc\u015fmeyecek bu mar\u015f\u0131 yazm\u0131\u015ft\u0131r. Milli \u015fairimiz bu destans\u0131 eserinde milletimize seslenerek, var olan iman g\u00fcc\u00fcn\u00fc ve zafere olan inanc\u0131 ortaya \u00e7\u0131karmakta \u00f6nemli bir g\u00f6rev \u00fcstlenmi\u015ftir. &#8220;Arkada\u015f yurduma al\u00e7aklar\u0131 u\u011fratma sak\u0131n&#8221; dizesinde sadece o d\u00f6nemle ilgili de\u011fil her zaman olabilecek sald\u0131r\u0131lara kar\u015f\u0131 gen\u00e7lere seslenmi\u015ftir. &#8220;Ben ezelden beridir h\u00fcr ya\u015fad\u0131m h\u00fcr ya\u015far\u0131m&#8221; dizisiyle milletimizin asla esaret alt\u0131na al\u0131namayaca\u011f\u0131n\u0131 ve h\u00fcrriyet olmadan ya\u015fan\u0131lmayaca\u011f\u0131n\u0131 bu y\u00fczden gen\u00e7lere ve sonraki ku\u015faklara tarihi bir \u00f6\u011f\u00fct anlatmaktad\u0131r. Bizler yerel y\u00f6neticiler olarak milli \u015fairimizin \u00fczerinde durdu\u011fu milli ve manevi duygular\u0131n ya\u015fat\u0131lmas\u0131nda gen\u00e7lerimizin her zaman yan\u0131nda olarak Mehmet Akif&#8217;e ve ecdad\u0131m\u0131za kar\u015f\u0131 mesuliyet vazifesini yerine getiriyoruz. Bu duygu ve d\u00fc\u015f\u00fcncelerle 12 Mart \u0130stiklal Mar\u015f\u0131&#8217;n\u0131n kabul\u00fcn\u00fcn y\u0131ld\u00f6n\u00fcm\u00fcnde Milli \u015eairimiz Mehmet Akif Ersoy&#8217;u sayg\u0131yla an\u0131yorum.\u201d<\/p>\n","protected":false},"excerpt":{"rendered":"<p>Haliliye Belediye Ba\u015fkan\u0131 Mehmet Canpolat, 12 Mart \u0130stiklal Mar\u015f\u0131n\u0131n Kabul\u00fc ve Mehmet Akif Ersoy&#8217;u Anma G\u00fcn\u00fc&#46;&#46;&#46;<\/p>\n","protected":false},"author":2,"featured_media":3523,"comment_status":"open","ping_status":"open","sticky":false,"template":"","format":"standard","meta":{"inline_featured_image":false,"footnotes":""},"categories":[82],"tags":[827,135,136,118,131,107,130,93],"manset":[],"class_list":["post-3521","post","type-post","status-publish","format-standard","has-post-thumbnail","hentry","category-gundem-haberleri","tag-12-mart","tag-haliliye-belediyesi","tag-mehmet-canpolat","tag-sanliurfa","tag-son-dakika","tag-ub","tag-urfa","tag-ust"],"_links":{"self":[{"href":"https:\/\/www.urfabugun.com\/index.php\/wp-json\/wp\/v2\/posts\/3521","targetHints":{"allow":["GET"]}}],"collection":[{"href":"https:\/\/www.urfabugun.com\/index.php\/wp-json\/wp\/v2\/posts"}],"about":[{"href":"https:\/\/www.urfabugun.com\/index.php\/wp-json\/wp\/v2\/types\/post"}],"author":[{"embeddable":true,"href":"https:\/\/www.urfabugun.com\/index.php\/wp-json\/wp\/v2\/users\/2"}],"replies":[{"embeddable":true,"href":"https:\/\/www.urfabugun.com\/index.php\/wp-json\/wp\/v2\/comments?post=3521"}],"version-history":[{"count":0,"href":"https:\/\/www.urfabugun.com\/index.php\/wp-json\/wp\/v2\/posts\/3521\/revisions"}],"wp:featuredmedia":[{"embeddable":true,"href":"https:\/\/www.urfabugun.com\/index.php\/wp-json\/wp\/v2\/media\/3523"}],"wp:attachment":[{"href":"https:\/\/www.urfabugun.com\/index.php\/wp-json\/wp\/v2\/media?parent=3521"}],"wp:term":[{"taxonomy":"category","embeddable":true,"href":"https:\/\/www.urfabugun.com\/index.php\/wp-json\/wp\/v2\/categories?post=3521"},{"taxonomy":"post_tag","embeddable":true,"href":"https:\/\/www.urfabugun.com\/index.php\/wp-json\/wp\/v2\/tags?post=3521"},{"taxonomy":"manset","embeddable":true,"href":"https:\/\/www.urfabugun.com\/index.php\/wp-json\/wp\/v2\/manset?post=3521"}],"curies":[{"name":"wp","href":"https:\/\/api.w.org\/{rel}","templated":true}]}}