{"id":3533,"date":"2023-03-13T14:06:22","date_gmt":"2023-03-13T11:06:22","guid":{"rendered":"https:\/\/www.urfabugun.com\/?p=3533"},"modified":"2023-03-13T14:06:30","modified_gmt":"2023-03-13T11:06:30","slug":"16-yasindaki-genc-kiz-elektrik-akimina-kapildi","status":"publish","type":"post","link":"https:\/\/www.urfabugun.com\/index.php\/2023\/03\/13\/16-yasindaki-genc-kiz-elektrik-akimina-kapildi\/","title":{"rendered":"16 Ya\u015f\u0131ndaki Gen\u00e7 K\u0131z Elektrik Ak\u0131m\u0131na Kap\u0131ld\u0131!"},"content":{"rendered":"\n<p><\/p>\n\n\n\n<p><strong>\u015eekerli Mahallesi&#8217;nde ikamet eden Suzan T. (16) isimli gen\u00e7 k\u0131z, in\u015faat halindeki evi temizledi\u011fi esnada a\u00e7\u0131kta b\u0131rak\u0131lan elektrik kablosunun su ile temas etmesi sonucu elektrik ak\u0131m\u0131na kap\u0131ld\u0131.<\/strong><\/p>\n\n\n\n<p>\u015eanl\u0131urfa\u2019n\u0131n Siverek il\u00e7esinde elektrik ak\u0131m\u0131na kap\u0131lan 16 ya\u015f\u0131ndaki Suzan Y. isimli gen\u00e7 k\u0131z hayat\u0131n\u0131 kaybetti.Edinilen bilgiye g\u00f6re olay Siverek il\u00e7esine ba\u011fl\u0131 \u015eekerli mahallesinde meydana geldi.\u015eekerli Mahallesi\u2019nde ikamet eden Suzan T. (16) isimli gen\u00e7 k\u0131z, in\u015faat halindeki evi temizledi\u011fi esnada a\u00e7\u0131kta b\u0131rak\u0131lan elektrik kablosunun su ile temas etmesi sonucu elektrik ak\u0131m\u0131na kap\u0131ld\u0131.Suzan T.\u2019nin elektrik ak\u0131m\u0131na kap\u0131ld\u0131\u011f\u0131n\u0131 g\u00f6ren yak\u0131nlar\u0131 \u00f6zel ara\u00e7la Siverek Devlet Hastanesine kald\u0131r\u0131ld\u0131. Tedavi alt\u0131na al\u0131nan 16 ya\u015f\u0131ndaki Suzan T. t\u00fcm m\u00fcdahalelere ra\u011fmen kurtar\u0131lamayarak hayat\u0131n\u0131 kaybetti. Hastanedeki i\u015flemlerinin ard\u0131ndan Suzan\u2019\u0131n cans\u0131z bedeni otopsisi yap\u0131lmak \u00fczere \u015eanl\u0131urfa Adli T\u0131p Kurumu morguna kald\u0131r\u0131ld\u0131.Olayla ilgili inceleme ba\u015flat\u0131ld\u0131.<\/p>\n","protected":false},"excerpt":{"rendered":"<p>\u015eekerli Mahallesi&#8217;nde ikamet eden Suzan T. (16) isimli gen\u00e7 k\u0131z, in\u015faat halindeki evi temizledi\u011fi esnada a\u00e7\u0131kta&#46;&#46;&#46;<\/p>\n","protected":false},"author":2,"featured_media":3535,"comment_status":"open","ping_status":"open","sticky":false,"template":"","format":"standard","meta":{"inline_featured_image":false,"footnotes":""},"categories":[82],"tags":[178,834,118,131,107],"manset":[],"class_list":["post-3533","post","type-post","status-publish","format-standard","has-post-thumbnail","hentry","category-gundem-haberleri","tag-deprem","tag-elektrige-akimi","tag-sanliurfa","tag-son-dakika","tag-ub"],"_links":{"self":[{"href":"https:\/\/www.urfabugun.com\/index.php\/wp-json\/wp\/v2\/posts\/3533","targetHints":{"allow":["GET"]}}],"collection":[{"href":"https:\/\/www.urfabugun.com\/index.php\/wp-json\/wp\/v2\/posts"}],"about":[{"href":"https:\/\/www.urfabugun.com\/index.php\/wp-json\/wp\/v2\/types\/post"}],"author":[{"embeddable":true,"href":"https:\/\/www.urfabugun.com\/index.php\/wp-json\/wp\/v2\/users\/2"}],"replies":[{"embeddable":true,"href":"https:\/\/www.urfabugun.com\/index.php\/wp-json\/wp\/v2\/comments?post=3533"}],"version-history":[{"count":0,"href":"https:\/\/www.urfabugun.com\/index.php\/wp-json\/wp\/v2\/posts\/3533\/revisions"}],"wp:featuredmedia":[{"embeddable":true,"href":"https:\/\/www.urfabugun.com\/index.php\/wp-json\/wp\/v2\/media\/3535"}],"wp:attachment":[{"href":"https:\/\/www.urfabugun.com\/index.php\/wp-json\/wp\/v2\/media?parent=3533"}],"wp:term":[{"taxonomy":"category","embeddable":true,"href":"https:\/\/www.urfabugun.com\/index.php\/wp-json\/wp\/v2\/categories?post=3533"},{"taxonomy":"post_tag","embeddable":true,"href":"https:\/\/www.urfabugun.com\/index.php\/wp-json\/wp\/v2\/tags?post=3533"},{"taxonomy":"manset","embeddable":true,"href":"https:\/\/www.urfabugun.com\/index.php\/wp-json\/wp\/v2\/manset?post=3533"}],"curies":[{"name":"wp","href":"https:\/\/api.w.org\/{rel}","templated":true}]}}