{"id":3541,"date":"2023-03-13T19:42:25","date_gmt":"2023-03-13T16:42:25","guid":{"rendered":"https:\/\/www.urfabugun.com\/?p=3541"},"modified":"2023-03-13T19:42:37","modified_gmt":"2023-03-13T16:42:37","slug":"depremzede-cocuklara-moral-etkinligi","status":"publish","type":"post","link":"https:\/\/www.urfabugun.com\/index.php\/2023\/03\/13\/depremzede-cocuklara-moral-etkinligi\/","title":{"rendered":"Depremzede \u00c7ocuklara Moral Etkinli\u011fi!"},"content":{"rendered":"\n<p><\/p>\n\n\n\n<p><strong>\u015eanl\u0131urfa G\u00f6n\u00fcll\u00fc Hayallerin Sesi ekibinden Deprem sonras\u0131 k\u00f6y okulunda ki \u00e7ocuklara moral ziyareti yap\u0131ld\u0131.<\/strong><\/p>\n\n\n\n<p>Kahramanmara\u015f merkezli 11 \u0130li etkileyen depremden sonra hayallerin sesi ekibi k\u00f6y okullar\u0131ndaki \u00e7ocuklara moral ziyareti amac\u0131yla birbirinden \u00e7e\u015fitli etkinlikler ve palya\u00e7o g\u00f6sterileri yapt\u0131.<\/p>\n\n\n\n<p>Depremden Etkilenen Bozova \u0130l\u00e7esine Ba\u011fl\u0131 Eskini K\u00f6y\u00fcne giden g\u00f6n\u00fcll\u00fcler, \u00c7ocuklara Unutulmaz Anlar ya\u015fatt\u0131.<\/p>\n\n\n\n<p>G\u00f6sterilerde; Palya\u00e7o, Civciv Maskot G\u00f6sterisi Ve \u00c7e\u015fitli Oyunlar Sergilendi. Etkinlik Sonras\u0131 \u00c7ocuklar, Hayallerin Sesi Ekibine Te\u015fekk\u00fcr etti.<\/p>\n","protected":false},"excerpt":{"rendered":"<p>\u015eanl\u0131urfa G\u00f6n\u00fcll\u00fc Hayallerin Sesi ekibinden Deprem sonras\u0131 k\u00f6y okulunda ki \u00e7ocuklara moral ziyareti yap\u0131ld\u0131. Kahramanmara\u015f merkezli&#46;&#46;&#46;<\/p>\n","protected":false},"author":2,"featured_media":3543,"comment_status":"open","ping_status":"open","sticky":false,"template":"","format":"standard","meta":{"inline_featured_image":false,"footnotes":""},"categories":[92],"tags":[404,408,838,840,841,387,839,118,130,93],"manset":[],"class_list":["post-3541","post","type-post","status-publish","format-standard","has-post-thumbnail","hentry","category-yasam-haberleri","tag-adiyaman","tag-depremzede","tag-depremzede-cocuklara-moral-etkinligi","tag-hayallerin-sesi","tag-hayallerin-sesi-ekibi","tag-kahramanmaras","tag-koy-okulu","tag-sanliurfa","tag-urfa","tag-ust"],"_links":{"self":[{"href":"https:\/\/www.urfabugun.com\/index.php\/wp-json\/wp\/v2\/posts\/3541","targetHints":{"allow":["GET"]}}],"collection":[{"href":"https:\/\/www.urfabugun.com\/index.php\/wp-json\/wp\/v2\/posts"}],"about":[{"href":"https:\/\/www.urfabugun.com\/index.php\/wp-json\/wp\/v2\/types\/post"}],"author":[{"embeddable":true,"href":"https:\/\/www.urfabugun.com\/index.php\/wp-json\/wp\/v2\/users\/2"}],"replies":[{"embeddable":true,"href":"https:\/\/www.urfabugun.com\/index.php\/wp-json\/wp\/v2\/comments?post=3541"}],"version-history":[{"count":0,"href":"https:\/\/www.urfabugun.com\/index.php\/wp-json\/wp\/v2\/posts\/3541\/revisions"}],"wp:featuredmedia":[{"embeddable":true,"href":"https:\/\/www.urfabugun.com\/index.php\/wp-json\/wp\/v2\/media\/3543"}],"wp:attachment":[{"href":"https:\/\/www.urfabugun.com\/index.php\/wp-json\/wp\/v2\/media?parent=3541"}],"wp:term":[{"taxonomy":"category","embeddable":true,"href":"https:\/\/www.urfabugun.com\/index.php\/wp-json\/wp\/v2\/categories?post=3541"},{"taxonomy":"post_tag","embeddable":true,"href":"https:\/\/www.urfabugun.com\/index.php\/wp-json\/wp\/v2\/tags?post=3541"},{"taxonomy":"manset","embeddable":true,"href":"https:\/\/www.urfabugun.com\/index.php\/wp-json\/wp\/v2\/manset?post=3541"}],"curies":[{"name":"wp","href":"https:\/\/api.w.org\/{rel}","templated":true}]}}