{"id":3553,"date":"2023-03-13T20:02:34","date_gmt":"2023-03-13T17:02:34","guid":{"rendered":"https:\/\/www.urfabugun.com\/?p=3553"},"modified":"2023-03-13T20:02:41","modified_gmt":"2023-03-13T17:02:41","slug":"ak-parti-14-mayis-secimi-icin-kollari-sivadi","status":"publish","type":"post","link":"https:\/\/www.urfabugun.com\/index.php\/2023\/03\/13\/ak-parti-14-mayis-secimi-icin-kollari-sivadi\/","title":{"rendered":"Ak Parti 14 May\u0131s Se\u00e7imi \u0130\u00e7in Kollar\u0131 S\u0131vad\u0131!"},"content":{"rendered":"\n<p><\/p>\n\n\n\n<p><strong>AK Parti \u015eanl\u0131urfa \u0130l Ba\u015fkan\u0131 Abdurrahman K\u0131r\u0131k\u00e7\u0131, Ak Parti \u0130l Binas\u0131ndan se\u00e7im s\u00fcreci ile alakal\u0131 bas\u0131n a\u00e7\u0131klamas\u0131 yapt\u0131.<\/strong><\/p>\n\n\n\n<p>YSK Taraf\u0131ndan 14 May\u0131s olarak a\u00e7\u0131klanan genel se\u00e7imler ile ilgili se\u00e7im \u00e7al\u0131\u015fmalar\u0131 ba\u015flad\u0131. AK Parti \u015eanl\u0131urfa \u0130l Ba\u015fkan\u0131 Abdurrahman K\u0131r\u0131k\u00e7\u0131, se\u00e7im s\u00fcreci ile alakal\u0131 bas\u0131n a\u00e7\u0131klamas\u0131 yapt\u0131.<\/p>\n\n\n\n<p>Bas\u0131n a\u00e7\u0131klamas\u0131na \u0130l Ba\u015fkan\u0131 Abdurrahman K\u0131r\u0131k\u00e7\u0131 yan\u0131 s\u0131ra \u0130l SKM Ba\u015fkan\u0131 Faruk Bad\u0131ll\u0131,&nbsp; \u0130l Tan\u0131t\u0131m ve Medya Ba\u015fkan\u0131 \u0130brahim Halil E\u015fiyok ve Aday Adaylar\u0131 M\u00fcracaat Komisyonu Ba\u015fkan\u0131 Serkan Ar\u0131c\u0131 kat\u0131ld\u0131. Asr\u0131n felaketini ya\u015fayan T\u00fcrkiye\u2019de bu y\u0131l Se\u00e7im \u015eenlik havas\u0131nda olmayacak ve kesinlikle m\u00fczik \u00e7al\u0131nmamas\u0131 konusunda adaylar\u0131m\u0131za gereken talimat\u0131 vermi\u015f bulunmaktay\u0131z.<\/p>\n\n\n\n<p>Ba\u015fkan K\u0131r\u0131k\u00e7\u0131 \u015fu ifadelere yer verdi; 14 May\u0131s 2023 se\u00e7im start\u0131n\u0131 Cumhurba\u015fkan\u0131m\u0131z\u0131n da onay\u0131 ile \u00fclkemize minnetimize d\u00fcnya mazlumlar\u0131na ve \u015eanl\u0131urfa\u2019ya hay\u0131rl\u0131 ve u\u011furlu olsun diyorum. Cumhurba\u015fkan\u0131m\u0131z bu se\u00e7im karar\u0131n\u0131 al\u0131rken \u00f6zellikle bu deprem d\u00f6neminde ya\u015fanm\u0131\u015f olan b\u00fcy\u00fck felaketten dolay\u0131 se\u00e7im kampanyas\u0131 noktas\u0131nda daha sade daha m\u00fctevaz\u0131 bir se\u00e7im kampanyas\u0131 y\u00fcr\u00fctece\u011fimizi de s\u00f6ylemi\u015fti bizlerde \u015fu afetzede olan 11 ilden biri \u015eanl\u0131urfa i\u00e7in ayn\u0131 yakla\u015f\u0131mda se\u00e7im kampanyam\u0131z\u0131 in\u015fallah hep beraber te\u015fkilat mensubu arkada\u015flarla genel y\u00f6netimlerimizle milletvekillerimizle ve yeni atad\u0131\u011f\u0131m\u0131z SKM ba\u015fkan\u0131m\u0131z Say\u0131n Faruk Baydilli \u015eanl\u0131urfa \u0130l Sa\u011fl\u0131k SKM ba\u015fkan\u0131m\u0131z il\u00e7e SKM ba\u015fkanlar\u0131m\u0131zla \u015eanl\u0131urfa se\u00e7im kampanya s\u00fcrecine beraber y\u00fcr\u00fctece\u011fiz.&nbsp;<\/p>\n\n\n\n<p><strong>SE\u00c7\u0130M S\u00dcREC\u0130 RAMAZAN AYINA DENK GEL\u0130YOR!<\/strong><\/p>\n\n\n\n<p>Ramazan ayn\u0131na denk gelmesi affet d\u00f6nemine denk gelmesi se\u00e7im kampanyam\u0131z\u0131n k\u0131s\u0131tlanmas\u0131 biraz daha belirginle\u015fecek bizler m\u00fczikten ve e\u011flence g\u00f6r\u00fcnt\u00fcs\u00fc veren her t\u00fcrl\u00fc etkinlikten uzak durarak buradaki hassasiyeti g\u00f6stererek bu ac\u0131m\u0131z\u0131 g\u00f6zeterek bu se\u00e7im kampanyas\u0131n\u0131 hep birlikte y\u00fcr\u00fctece\u011fiz ve bug\u00fcn in\u015fallah m\u00fcracaatlar\u0131 almaya ba\u015flad\u0131k m\u00fcracaat komisyon noktas\u0131nda il ba\u015fkan yard\u0131mc\u0131m\u0131z il sekreterimiz Serkan Ar\u0131c\u0131 karde\u015fimiz g\u00f6revli komisyonuyla beraber m\u00fcracaatlar\u0131 alacaklar m\u00fcracaatlar\u0131m\u0131z ay\u0131n 16\u2019s\u0131nda Per\u015fembe g\u00fcn\u00fc saat 17 kadar devem edecek. ded<\/p>\n","protected":false},"excerpt":{"rendered":"<p>AK Parti \u015eanl\u0131urfa \u0130l Ba\u015fkan\u0131 Abdurrahman K\u0131r\u0131k\u00e7\u0131, Ak Parti \u0130l Binas\u0131ndan se\u00e7im s\u00fcreci ile alakal\u0131 bas\u0131n&#46;&#46;&#46;<\/p>\n","protected":false},"author":2,"featured_media":3555,"comment_status":"open","ping_status":"open","sticky":false,"template":"","format":"standard","meta":{"inline_featured_image":false,"footnotes":""},"categories":[82],"tags":[848,847,849,850,347,118,213,131,107,93],"manset":[],"class_list":["post-3553","post","type-post","status-publish","format-standard","has-post-thumbnail","hentry","category-gundem-haberleri","tag-abbdurrahman-kirikci","tag-ak-parti-14-mayis-secimi-icin-kollari-sivadi","tag-ak-parti-sanliurfa-il-baskanligi","tag-faruk-badilli","tag-milletvekili","tag-sanliurfa","tag-secim","tag-son-dakika","tag-ub","tag-ust"],"_links":{"self":[{"href":"https:\/\/www.urfabugun.com\/index.php\/wp-json\/wp\/v2\/posts\/3553","targetHints":{"allow":["GET"]}}],"collection":[{"href":"https:\/\/www.urfabugun.com\/index.php\/wp-json\/wp\/v2\/posts"}],"about":[{"href":"https:\/\/www.urfabugun.com\/index.php\/wp-json\/wp\/v2\/types\/post"}],"author":[{"embeddable":true,"href":"https:\/\/www.urfabugun.com\/index.php\/wp-json\/wp\/v2\/users\/2"}],"replies":[{"embeddable":true,"href":"https:\/\/www.urfabugun.com\/index.php\/wp-json\/wp\/v2\/comments?post=3553"}],"version-history":[{"count":0,"href":"https:\/\/www.urfabugun.com\/index.php\/wp-json\/wp\/v2\/posts\/3553\/revisions"}],"wp:featuredmedia":[{"embeddable":true,"href":"https:\/\/www.urfabugun.com\/index.php\/wp-json\/wp\/v2\/media\/3555"}],"wp:attachment":[{"href":"https:\/\/www.urfabugun.com\/index.php\/wp-json\/wp\/v2\/media?parent=3553"}],"wp:term":[{"taxonomy":"category","embeddable":true,"href":"https:\/\/www.urfabugun.com\/index.php\/wp-json\/wp\/v2\/categories?post=3553"},{"taxonomy":"post_tag","embeddable":true,"href":"https:\/\/www.urfabugun.com\/index.php\/wp-json\/wp\/v2\/tags?post=3553"},{"taxonomy":"manset","embeddable":true,"href":"https:\/\/www.urfabugun.com\/index.php\/wp-json\/wp\/v2\/manset?post=3553"}],"curies":[{"name":"wp","href":"https:\/\/api.w.org\/{rel}","templated":true}]}}