{"id":3587,"date":"2023-03-14T19:49:49","date_gmt":"2023-03-14T16:49:49","guid":{"rendered":"https:\/\/www.urfabugun.com\/?p=3587"},"modified":"2023-03-14T19:50:01","modified_gmt":"2023-03-14T16:50:01","slug":"afad-uyarmisti-sanliurfada-saganak-yagis-yollari-gole-cevirdi","status":"publish","type":"post","link":"https:\/\/www.urfabugun.com\/index.php\/2023\/03\/14\/afad-uyarmisti-sanliurfada-saganak-yagis-yollari-gole-cevirdi\/","title":{"rendered":"AFAD Uyarm\u0131\u015ft\u0131: \u015eanl\u0131urfa\u2019da Sa\u011fanak Ya\u011f\u0131\u015f Yollar\u0131 G\u00f6le \u00c7evirdi!"},"content":{"rendered":"\n<p><\/p>\n\n\n\n<p><strong>\u015eanl\u0131urfa\u2019da etkili olan ya\u011fmur \u00f6ncesi kentin \u00fczerini kara bulutlar kaplad\u0131. Meteorolojinin uyar\u0131lar\u0131n\u0131n ard\u0131ndan aniden bast\u0131ran ya\u011fmur haz\u0131rl\u0131ks\u0131z yakalanan vatanda\u015flara zor anlar ya\u015fatt\u0131.<\/strong><\/p>\n\n\n\n<p>Meteoroloji ve AFAD taraf\u0131ndan yap\u0131lan uyar\u0131lar\u0131n ard\u0131ndan \u015eanl\u0131urfa\u2019da \u00f6\u011flen saatlerinden itibaren sa\u011fanak ya\u011f\u0131\u015f etkili olmaya devam ediyor.<\/p>\n\n\n\n<p>Meteoroloji genel m\u00fcd\u00fcrl\u00fc\u011f\u00fcn\u00fcn yapm\u0131\u015f oldu\u011fu a\u00e7\u0131klamada, Ya\u011f\u0131\u015flar\u0131n per\u015fembe g\u00fcn\u00fcne kadar s\u00fcrece\u011fi tahmin ediliyor. \u015eanl\u0131urfa Valili\u011fi taraf\u0131ndan da meydana gelebilecek olumsuzluklara kar\u015f\u0131 dikkatli ve tedbirli olunmas\u0131 gerekti\u011fi tekrardan duyurdu.<\/p>\n\n\n\n<p><\/p>\n\n\n\n<figure class=\"wp-block-embed is-type-video is-provider-youtube wp-block-embed-youtube wp-embed-aspect-16-9 wp-has-aspect-ratio\"><div class=\"wp-block-embed__wrapper\">\n<iframe loading=\"lazy\" title=\"AFAD Uyarm\u0131\u015ft\u0131: \u015eanl\u0131urfa\u2019da Sa\u011fanak Ya\u011f\u0131\u015f Yollar\u0131 G\u00f6le \u00c7evirdi!\" width=\"500\" height=\"281\" src=\"data:image\/png;base64,iVBORw0KGgoAAAANSUhEUgAAAAIAAAABCAQAAABeK7cBAAAAC0lEQVR42mNkAAIAAAoAAv\/lxKUAAAAASUVORK5CYII=\" data-src=\"https:\/\/www.youtube.com\/embed\/2xj3-8kU_Ns?start=4&#038;feature=oembed\" frameborder=\"0\" allow=\"accelerometer; autoplay; clipboard-write; encrypted-media; gyroscope; picture-in-picture; web-share\" referrerpolicy=\"strict-origin-when-cross-origin\" class=\"kanews-lazy\" allowfullscreen><\/iframe>\n<\/div><\/figure>\n\n\n\n<p><\/p>\n","protected":false},"excerpt":{"rendered":"<p>\u015eanl\u0131urfa\u2019da etkili olan ya\u011fmur \u00f6ncesi kentin \u00fczerini kara bulutlar kaplad\u0131. Meteorolojinin uyar\u0131lar\u0131n\u0131n ard\u0131ndan aniden bast\u0131ran ya\u011fmur&#46;&#46;&#46;<\/p>\n","protected":false},"author":2,"featured_media":3589,"comment_status":"open","ping_status":"open","sticky":false,"template":"","format":"standard","meta":{"inline_featured_image":false,"footnotes":""},"categories":[92],"tags":[277,865,371,107,93,167],"manset":[],"class_list":["post-3587","post","type-post","status-publish","format-standard","has-post-thumbnail","hentry","category-yasam-haberleri","tag-afad","tag-afad-uyarmisti-sanliurfada-saganak-yagis-yollari-gole-cevirdi","tag-sanliurfa-valiligi-2","tag-ub","tag-ust","tag-yagmur"],"_links":{"self":[{"href":"https:\/\/www.urfabugun.com\/index.php\/wp-json\/wp\/v2\/posts\/3587","targetHints":{"allow":["GET"]}}],"collection":[{"href":"https:\/\/www.urfabugun.com\/index.php\/wp-json\/wp\/v2\/posts"}],"about":[{"href":"https:\/\/www.urfabugun.com\/index.php\/wp-json\/wp\/v2\/types\/post"}],"author":[{"embeddable":true,"href":"https:\/\/www.urfabugun.com\/index.php\/wp-json\/wp\/v2\/users\/2"}],"replies":[{"embeddable":true,"href":"https:\/\/www.urfabugun.com\/index.php\/wp-json\/wp\/v2\/comments?post=3587"}],"version-history":[{"count":0,"href":"https:\/\/www.urfabugun.com\/index.php\/wp-json\/wp\/v2\/posts\/3587\/revisions"}],"wp:featuredmedia":[{"embeddable":true,"href":"https:\/\/www.urfabugun.com\/index.php\/wp-json\/wp\/v2\/media\/3589"}],"wp:attachment":[{"href":"https:\/\/www.urfabugun.com\/index.php\/wp-json\/wp\/v2\/media?parent=3587"}],"wp:term":[{"taxonomy":"category","embeddable":true,"href":"https:\/\/www.urfabugun.com\/index.php\/wp-json\/wp\/v2\/categories?post=3587"},{"taxonomy":"post_tag","embeddable":true,"href":"https:\/\/www.urfabugun.com\/index.php\/wp-json\/wp\/v2\/tags?post=3587"},{"taxonomy":"manset","embeddable":true,"href":"https:\/\/www.urfabugun.com\/index.php\/wp-json\/wp\/v2\/manset?post=3587"}],"curies":[{"name":"wp","href":"https:\/\/api.w.org\/{rel}","templated":true}]}}