{"id":3663,"date":"2023-03-17T14:11:35","date_gmt":"2023-03-17T11:11:35","guid":{"rendered":"https:\/\/www.urfabugun.com\/?p=3663"},"modified":"2023-03-17T14:11:42","modified_gmt":"2023-03-17T11:11:42","slug":"sanliurfasporun-yeni-baskani-belli-oldu","status":"publish","type":"post","link":"https:\/\/www.urfabugun.com\/index.php\/2023\/03\/17\/sanliurfasporun-yeni-baskani-belli-oldu\/","title":{"rendered":"\u015eanl\u0131urfaspor\u2019un Yeni Ba\u015fkan\u2019\u0131 Belli Oldu!"},"content":{"rendered":"\n<p><\/p>\n\n\n\n<p><strong>\u015eanl\u0131urfaspor&#8217;da Kul\u00fcp Ba\u015fkan\u0131 Emin Yetim&#8217;in istifas\u0131n\u0131n ard\u0131ndan bir araya gelen Y\u00f6netim Kurulu, Kul\u00fcp Ba\u015fkanl\u0131\u011f\u0131 i\u00e7in Cihan Canbeyli&#8217;de karar verdi.\u00a0<\/strong><\/p>\n\n\n\n<p>14 May\u0131s tarihinde ger\u00e7ekle\u015ftirilecek genel se\u00e7im \u00f6ncesi aday adayl\u0131\u011f\u0131 i\u00e7in \u015eanl\u0131urfaspor Kul\u00fcp Ba\u015fkanl\u0131\u011f\u0131ndan istifa eden Emin Yetim&#8217;in ard\u0131ndan bu sabah saatlerinde bir araya gelen Kul\u00fcp Y\u00f6netim Kurulu ald\u0131\u011f\u0131 karar ile Ba\u015fkan Vekili Cihan Canbeyli&#8217;yi Kul\u00fcp Ba\u015fkan\u0131 olarak se\u00e7ti.<\/p>\n\n\n\n<p>Sezon sonu \u015fampiyonluk hedefinin ayn\u0131 kararl\u0131l\u0131kla devam edece\u011fi kul\u00fcpte d\u00fczenlenen y\u00f6netim kurulu toplant\u0131s\u0131n\u0131n ard\u0131ndan bir de\u011ferlendirme yapan Yeni Ba\u015fkan Cihan Canbeyli, t\u00fcm \u015eanl\u0131urfa halk\u0131n\u0131n deste\u011fini istedi.&nbsp;<\/p>\n\n\n\n<p>Ba\u015fkan Canbeyli yapt\u0131\u011f\u0131 de\u011ferlendirmesinde &#8220;\u00d6ncelikle Kul\u00fcp Ba\u015fkan\u0131m\u0131z Emin Yetim&#8217;e verdi\u011fi emeklerden dolay\u0131 te\u015fekk\u00fcr ederiz. Yaln\u0131z Ba\u015fkan\u0131m\u0131z Yetim, bize zor bir g\u00f6rev b\u0131rakt\u0131 ve biz bu kul\u00fcb\u00fc daha ileriye g\u00f6t\u00fcrmek zorunday\u0131z. Y\u00f6netim Kurulumuzun deste\u011fi ile Ba\u015fkanl\u0131k \u015fahs\u0131ma tebli\u011f edildi. \u0130n\u015fallah kald\u0131\u011f\u0131m\u0131z yerden devam edece\u011fiz ve sezon sonuna emin ad\u0131mlarla ilerlemeye devam edece\u011fiz. T\u00fcm \u015eanl\u0131urfaspor taraftar\u0131m\u0131z bizlerden desteklerini esirgemesinler, her zaman dedi\u011fimiz gibi bu tak\u0131m\u0131n yeri buras\u0131 de\u011fil. Hep birlikte el ele vererek tak\u0131m\u0131m\u0131z\u0131 \u00e7ok daha iyi yerlere getirece\u011fiz. G\u00fczel g\u00fcnler bizi bekliyor&#8221; ifadelerini kulland\u0131.<\/p>\n","protected":false},"excerpt":{"rendered":"<p>\u015eanl\u0131urfaspor&#8217;da Kul\u00fcp Ba\u015fkan\u0131 Emin Yetim&#8217;in istifas\u0131n\u0131n ard\u0131ndan bir araya gelen Y\u00f6netim Kurulu, Kul\u00fcp Ba\u015fkanl\u0131\u011f\u0131 i\u00e7in Cihan&#46;&#46;&#46;<\/p>\n","protected":false},"author":2,"featured_media":3666,"comment_status":"open","ping_status":"open","sticky":false,"template":"","format":"standard","meta":{"inline_featured_image":false,"footnotes":""},"categories":[1,88],"tags":[178,118,902,131,107,130,122],"manset":[],"class_list":["post-3663","post","type-post","status-publish","format-standard","has-post-thumbnail","hentry","category-genel","category-spor-haberleri","tag-deprem","tag-sanliurfa","tag-sanliurfasporun-yeni-baskani-belli-oldu","tag-son-dakika","tag-ub","tag-urfa","tag-urfaspor"],"_links":{"self":[{"href":"https:\/\/www.urfabugun.com\/index.php\/wp-json\/wp\/v2\/posts\/3663","targetHints":{"allow":["GET"]}}],"collection":[{"href":"https:\/\/www.urfabugun.com\/index.php\/wp-json\/wp\/v2\/posts"}],"about":[{"href":"https:\/\/www.urfabugun.com\/index.php\/wp-json\/wp\/v2\/types\/post"}],"author":[{"embeddable":true,"href":"https:\/\/www.urfabugun.com\/index.php\/wp-json\/wp\/v2\/users\/2"}],"replies":[{"embeddable":true,"href":"https:\/\/www.urfabugun.com\/index.php\/wp-json\/wp\/v2\/comments?post=3663"}],"version-history":[{"count":0,"href":"https:\/\/www.urfabugun.com\/index.php\/wp-json\/wp\/v2\/posts\/3663\/revisions"}],"wp:featuredmedia":[{"embeddable":true,"href":"https:\/\/www.urfabugun.com\/index.php\/wp-json\/wp\/v2\/media\/3666"}],"wp:attachment":[{"href":"https:\/\/www.urfabugun.com\/index.php\/wp-json\/wp\/v2\/media?parent=3663"}],"wp:term":[{"taxonomy":"category","embeddable":true,"href":"https:\/\/www.urfabugun.com\/index.php\/wp-json\/wp\/v2\/categories?post=3663"},{"taxonomy":"post_tag","embeddable":true,"href":"https:\/\/www.urfabugun.com\/index.php\/wp-json\/wp\/v2\/tags?post=3663"},{"taxonomy":"manset","embeddable":true,"href":"https:\/\/www.urfabugun.com\/index.php\/wp-json\/wp\/v2\/manset?post=3663"}],"curies":[{"name":"wp","href":"https:\/\/api.w.org\/{rel}","templated":true}]}}