{"id":3709,"date":"2023-03-19T10:57:20","date_gmt":"2023-03-19T07:57:20","guid":{"rendered":"https:\/\/www.urfabugun.com\/?p=3709"},"modified":"2023-03-19T10:58:57","modified_gmt":"2023-03-19T07:58:57","slug":"meteorolojiden-turuncu-kodlu-sel-uyarisi","status":"publish","type":"post","link":"https:\/\/www.urfabugun.com\/index.php\/2023\/03\/19\/meteorolojiden-turuncu-kodlu-sel-uyarisi\/","title":{"rendered":"\u015eanl\u0131urfa Ve Ad\u0131yaman&#8217;da \u015eiddetli Sa\u011fanak Bekleniyor!"},"content":{"rendered":"\n<p><\/p>\n\n\n\n<p><strong>Meteoroloji Genel M\u00fcd\u00fcrl\u00fc\u011f\u00fc &#8220;turuncu&#8221; ve &#8220;sar\u0131&#8221; kod uyar\u0131s\u0131nda bulundu. Deprem b\u00f6lgesinde kuvvetli ya\u011f\u0131\u015f bekleniyor.<\/strong><\/p>\n\n\n\n<p>Yetkililer, ani sel, su bask\u0131n\u0131, y\u0131ld\u0131r\u0131m, yerel dolu ya\u011f\u0131\u015f\u0131, ya\u011f\u0131\u015f an\u0131nda kuvvetli r\u00fczgar, hortum ve ula\u015f\u0131mda aksamalar gibi olumsuzluklara kar\u015f\u0131 vatanda\u015flar\u0131 uyard\u0131.<\/p>\n\n\n\n<p>Genellikle ya\u011fmur ve sa\u011fanak, Bat\u0131 ve Do\u011fu Karadeniz\u2019in i\u00e7 kesimleri, \u0130\u00e7 Anadolu\u2019nun kuzeydo\u011fusu ile Do\u011fu Anadolu\u2019nun kuzeydo\u011fusunun y\u00fckseklerinde karla kar\u0131\u015f\u0131k ya\u011fmur ve kar \u015feklinde g\u00f6r\u00fclmesi beklenen ya\u011f\u0131\u015flar\u0131n; Do\u011fu Anadolu\u2019nun g\u00fcney ve bat\u0131s\u0131, G\u00fcneydo\u011fu Anadolu\u2019nun do\u011fusu, Orta Karadeniz ile Adana\u2019n\u0131n do\u011fusu, Osmaniye, Hatay, K. Mara\u015f\u2019\u0131n bat\u0131s\u0131, Konya\u2019n\u0131n kuzeyi, K\u0131r\u015fehir, Nev\u015fehir, Yozgat, Sivas, Kayseri, Giresun, Kars, Ad\u0131yaman ve \u015eanl\u0131urfa \u00e7evrelerinde yerel olmak \u00fczere kuvvetli olmas\u0131 bekleniyor.<\/p>\n","protected":false},"excerpt":{"rendered":"<p>Meteoroloji Genel M\u00fcd\u00fcrl\u00fc\u011f\u00fc &#8220;turuncu&#8221; ve &#8220;sar\u0131&#8221; kod uyar\u0131s\u0131nda bulundu. Deprem b\u00f6lgesinde kuvvetli ya\u011f\u0131\u015f bekleniyor. Yetkililer, ani&#46;&#46;&#46;<\/p>\n","protected":false},"author":2,"featured_media":3711,"comment_status":"open","ping_status":"open","sticky":false,"template":"","format":"standard","meta":{"inline_featured_image":false,"footnotes":""},"categories":[92],"tags":[404,923,118,868,131,107,130,924,93],"manset":[],"class_list":["post-3709","post","type-post","status-publish","format-standard","has-post-thumbnail","hentry","category-yasam-haberleri","tag-adiyaman","tag-meteorolojiden-turuncu-kodlu-sel-uyarisi","tag-sanliurfa","tag-sel","tag-son-dakika","tag-ub","tag-urfa","tag-urfa-turuncu-kod-uyarisi","tag-ust"],"_links":{"self":[{"href":"https:\/\/www.urfabugun.com\/index.php\/wp-json\/wp\/v2\/posts\/3709","targetHints":{"allow":["GET"]}}],"collection":[{"href":"https:\/\/www.urfabugun.com\/index.php\/wp-json\/wp\/v2\/posts"}],"about":[{"href":"https:\/\/www.urfabugun.com\/index.php\/wp-json\/wp\/v2\/types\/post"}],"author":[{"embeddable":true,"href":"https:\/\/www.urfabugun.com\/index.php\/wp-json\/wp\/v2\/users\/2"}],"replies":[{"embeddable":true,"href":"https:\/\/www.urfabugun.com\/index.php\/wp-json\/wp\/v2\/comments?post=3709"}],"version-history":[{"count":0,"href":"https:\/\/www.urfabugun.com\/index.php\/wp-json\/wp\/v2\/posts\/3709\/revisions"}],"wp:featuredmedia":[{"embeddable":true,"href":"https:\/\/www.urfabugun.com\/index.php\/wp-json\/wp\/v2\/media\/3711"}],"wp:attachment":[{"href":"https:\/\/www.urfabugun.com\/index.php\/wp-json\/wp\/v2\/media?parent=3709"}],"wp:term":[{"taxonomy":"category","embeddable":true,"href":"https:\/\/www.urfabugun.com\/index.php\/wp-json\/wp\/v2\/categories?post=3709"},{"taxonomy":"post_tag","embeddable":true,"href":"https:\/\/www.urfabugun.com\/index.php\/wp-json\/wp\/v2\/tags?post=3709"},{"taxonomy":"manset","embeddable":true,"href":"https:\/\/www.urfabugun.com\/index.php\/wp-json\/wp\/v2\/manset?post=3709"}],"curies":[{"name":"wp","href":"https:\/\/api.w.org\/{rel}","templated":true}]}}