{"id":3714,"date":"2023-03-19T11:07:40","date_gmt":"2023-03-19T08:07:40","guid":{"rendered":"https:\/\/www.urfabugun.com\/?p=3714"},"modified":"2023-03-19T11:07:46","modified_gmt":"2023-03-19T08:07:46","slug":"kasaplar-odasi-baskani-acikladi-ramazanda-kirmizi-ete-zam-gelecek-mi","status":"publish","type":"post","link":"https:\/\/www.urfabugun.com\/index.php\/2023\/03\/19\/kasaplar-odasi-baskani-acikladi-ramazanda-kirmizi-ete-zam-gelecek-mi\/","title":{"rendered":"Kasaplar Odas\u0131 Ba\u015fkan\u0131 A\u00e7\u0131klad\u0131: Ramazan&#8217;da K\u0131rm\u0131z\u0131 Ete Zam Gelecek Mi?"},"content":{"rendered":"\n<p><\/p>\n\n\n\n<p><strong>Bir s\u00fcredir y\u00fcksek seyreden et fiyatlar\u0131na Ramazan ay\u0131n\u0131n gelmesi ile yeni zamlar yap\u0131laca\u011f\u0131na dair endi\u015feler ortaya \u00e7\u0131kt\u0131.<\/strong><\/p>\n\n\n\n<p>Et fiyatlar\u0131 hakk\u0131nda a\u00e7\u0131klama yapan T\u00fcrkiye Kasaplar Federasyonu Ba\u015fkan\u0131 Osman Yard\u0131mc\u0131, ramazanda yeterince k\u0131rm\u0131z\u0131 etin olaca\u011f\u0131n\u0131 belirterek, &#8220;\u0130nsan\u0131m\u0131z in\u015fallah devletin de deste\u011fiyle ramazanda ucuz et yer.&#8221; dedi.<\/p>\n\n\n\n<p><strong>BAKANLIK DEPREM B\u00d6LGES\u0130NDEK\u0130 HAYVANLARA SAH\u0130P \u00c7IKTI<\/strong><\/p>\n\n\n\n<p>Yard\u0131mc\u0131, Tar\u0131m ve Orman Bakanl\u0131\u011f\u0131n\u0131n Kahramanmara\u015f merkezli 6 \u015eubat&#8217;ta meydana gelen depremlerin ard\u0131ndan h\u0131zl\u0131ca koordine olarak, o illerdeki hayvanlar\u0131 sat\u0131n ald\u0131\u011f\u0131n\u0131 s\u00f6yledi. Yaral\u0131 hayvanlar\u0131n tedavisinin sa\u011fland\u0131\u011f\u0131n\u0131, baz\u0131lar\u0131n\u0131n ise besiye al\u0131nd\u0131\u011f\u0131n\u0131 belirten Yard\u0131mc\u0131, Bakanl\u0131\u011f\u0131n b\u00f6lgedeki b\u00fcy\u00fck ve k\u00fc\u00e7\u00fckba\u015f hayvanlara sahip \u00e7\u0131kt\u0131\u011f\u0131n\u0131 vurgulad\u0131.<\/p>\n","protected":false},"excerpt":{"rendered":"<p>Bir s\u00fcredir y\u00fcksek seyreden et fiyatlar\u0131na Ramazan ay\u0131n\u0131n gelmesi ile yeni zamlar yap\u0131laca\u011f\u0131na dair endi\u015feler ortaya&#46;&#46;&#46;<\/p>\n","protected":false},"author":2,"featured_media":3716,"comment_status":"open","ping_status":"open","sticky":false,"template":"","format":"standard","meta":{"inline_featured_image":false,"footnotes":""},"categories":[89],"tags":[404,926,178,118,131,925,107,130,93],"manset":[],"class_list":["post-3714","post","type-post","status-publish","format-standard","has-post-thumbnail","hentry","category-tarim-haberleri","tag-adiyaman","tag-bakanlik-deprem-bolgesindeki-hayvanlara-sahip-cikti","tag-deprem","tag-sanliurfa","tag-son-dakika","tag-turkiye-kasaplar-federasyonu-baskani-osman-yardimci","tag-ub","tag-urfa","tag-ust"],"_links":{"self":[{"href":"https:\/\/www.urfabugun.com\/index.php\/wp-json\/wp\/v2\/posts\/3714","targetHints":{"allow":["GET"]}}],"collection":[{"href":"https:\/\/www.urfabugun.com\/index.php\/wp-json\/wp\/v2\/posts"}],"about":[{"href":"https:\/\/www.urfabugun.com\/index.php\/wp-json\/wp\/v2\/types\/post"}],"author":[{"embeddable":true,"href":"https:\/\/www.urfabugun.com\/index.php\/wp-json\/wp\/v2\/users\/2"}],"replies":[{"embeddable":true,"href":"https:\/\/www.urfabugun.com\/index.php\/wp-json\/wp\/v2\/comments?post=3714"}],"version-history":[{"count":0,"href":"https:\/\/www.urfabugun.com\/index.php\/wp-json\/wp\/v2\/posts\/3714\/revisions"}],"wp:featuredmedia":[{"embeddable":true,"href":"https:\/\/www.urfabugun.com\/index.php\/wp-json\/wp\/v2\/media\/3716"}],"wp:attachment":[{"href":"https:\/\/www.urfabugun.com\/index.php\/wp-json\/wp\/v2\/media?parent=3714"}],"wp:term":[{"taxonomy":"category","embeddable":true,"href":"https:\/\/www.urfabugun.com\/index.php\/wp-json\/wp\/v2\/categories?post=3714"},{"taxonomy":"post_tag","embeddable":true,"href":"https:\/\/www.urfabugun.com\/index.php\/wp-json\/wp\/v2\/tags?post=3714"},{"taxonomy":"manset","embeddable":true,"href":"https:\/\/www.urfabugun.com\/index.php\/wp-json\/wp\/v2\/manset?post=3714"}],"curies":[{"name":"wp","href":"https:\/\/api.w.org\/{rel}","templated":true}]}}