{"id":3735,"date":"2023-03-19T15:45:08","date_gmt":"2023-03-19T12:45:08","guid":{"rendered":"https:\/\/www.urfabugun.com\/?p=3735"},"modified":"2023-03-19T15:45:15","modified_gmt":"2023-03-19T12:45:15","slug":"aciklama-geldi-sanliurfada-nevroz-kutlamalari-iptal-edildi-mi","status":"publish","type":"post","link":"https:\/\/www.urfabugun.com\/index.php\/2023\/03\/19\/aciklama-geldi-sanliurfada-nevroz-kutlamalari-iptal-edildi-mi\/","title":{"rendered":"A\u00e7\u0131klama Geldi: \u015eanl\u0131urfa\u2019da Nevroz Kutlamalar\u0131 \u0130ptal Edildi Mi!"},"content":{"rendered":"\n<p><\/p>\n\n\n\n<p><strong>HDP \u015eanl\u0131urfa \u0130l Te\u015fkilat\u0131, \u015eanl\u0131urfa\u2019da ya\u015fanan do\u011fal afetler ve can kay\u0131plar\u0131 nedeniyle Nevruz kutlamalar\u0131n\u0131n iptal etti\u011fini bildirdi.<\/strong><\/p>\n\n\n\n<p>Halklar\u0131n Demokratik Partisi (HDP) \u015eanl\u0131urfa \u0130l Te\u015fkilat\u0131, yapt\u0131\u011f\u0131 a\u00e7\u0131klamada Nevruz kutlamalar\u0131n\u0131 iptal ettiklerini belirtti.<\/p>\n\n\n\n<p>Urfa b\u00f6lgesi olarak program\u0131n iptal oldu\u011funu belirten HDP \u015eanl\u0131urfa \u0130l \u00d6rg\u00fct\u00fcnden yap\u0131lan a\u00e7\u0131klamada, \u201cHalk olarak ya\u015fad\u0131\u011f\u0131m\u0131z bu kadar ac\u0131 ve g\u00f6zya\u015f\u0131na kay\u0131ts\u0131z kalamazd\u0131k. Bundan dolay\u0131 halk\u0131m\u0131z\u0131n bu ac\u0131s\u0131n\u0131 i\u00e7imizde hissetti\u011fimizi belirterek newroz kutlamam\u0131z\u0131 Urfa b\u00f6lgesi olarak iptal etmi\u015f bulunmaktay\u0131z\u201d denildi.<\/p>\n","protected":false},"excerpt":{"rendered":"<p>HDP \u015eanl\u0131urfa \u0130l Te\u015fkilat\u0131, \u015eanl\u0131urfa\u2019da ya\u015fanan do\u011fal afetler ve can kay\u0131plar\u0131 nedeniyle Nevruz kutlamalar\u0131n\u0131n iptal etti\u011fini&#46;&#46;&#46;<\/p>\n","protected":false},"author":2,"featured_media":3737,"comment_status":"open","ping_status":"open","sticky":false,"template":"","format":"standard","meta":{"inline_featured_image":false,"footnotes":""},"categories":[82],"tags":[931,933,279,934,932,118,131,107],"manset":[],"class_list":["post-3735","post","type-post","status-publish","format-standard","has-post-thumbnail","hentry","category-gundem-haberleri","tag-aciklama-geldi-sanliurfada-nevruz-kutlamalari-iptal-edildi-mi","tag-deprem-bolgesinde-nevruz-kutlamasi-yapilmayacak","tag-hdp","tag-nevroz-urfa","tag-nevruz","tag-sanliurfa","tag-son-dakika","tag-ub"],"_links":{"self":[{"href":"https:\/\/www.urfabugun.com\/index.php\/wp-json\/wp\/v2\/posts\/3735","targetHints":{"allow":["GET"]}}],"collection":[{"href":"https:\/\/www.urfabugun.com\/index.php\/wp-json\/wp\/v2\/posts"}],"about":[{"href":"https:\/\/www.urfabugun.com\/index.php\/wp-json\/wp\/v2\/types\/post"}],"author":[{"embeddable":true,"href":"https:\/\/www.urfabugun.com\/index.php\/wp-json\/wp\/v2\/users\/2"}],"replies":[{"embeddable":true,"href":"https:\/\/www.urfabugun.com\/index.php\/wp-json\/wp\/v2\/comments?post=3735"}],"version-history":[{"count":0,"href":"https:\/\/www.urfabugun.com\/index.php\/wp-json\/wp\/v2\/posts\/3735\/revisions"}],"wp:featuredmedia":[{"embeddable":true,"href":"https:\/\/www.urfabugun.com\/index.php\/wp-json\/wp\/v2\/media\/3737"}],"wp:attachment":[{"href":"https:\/\/www.urfabugun.com\/index.php\/wp-json\/wp\/v2\/media?parent=3735"}],"wp:term":[{"taxonomy":"category","embeddable":true,"href":"https:\/\/www.urfabugun.com\/index.php\/wp-json\/wp\/v2\/categories?post=3735"},{"taxonomy":"post_tag","embeddable":true,"href":"https:\/\/www.urfabugun.com\/index.php\/wp-json\/wp\/v2\/tags?post=3735"},{"taxonomy":"manset","embeddable":true,"href":"https:\/\/www.urfabugun.com\/index.php\/wp-json\/wp\/v2\/manset?post=3735"}],"curies":[{"name":"wp","href":"https:\/\/api.w.org\/{rel}","templated":true}]}}