{"id":3752,"date":"2023-03-19T21:42:37","date_gmt":"2023-03-19T18:42:37","guid":{"rendered":"https:\/\/www.urfabugun.com\/?p=3752"},"modified":"2023-03-19T21:42:44","modified_gmt":"2023-03-19T18:42:44","slug":"hastanelere-31-bin-saglik-personeli-aalimi-yapilacak","status":"publish","type":"post","link":"https:\/\/www.urfabugun.com\/index.php\/2023\/03\/19\/hastanelere-31-bin-saglik-personeli-aalimi-yapilacak\/","title":{"rendered":"Hastanelere 31 Bin Sa\u011fl\u0131k Personeli Aal\u0131m\u0131 Yap\u0131lacak!\u00a0"},"content":{"rendered":"\n<p><\/p>\n\n\n\n<p><strong>Sa\u011fl\u0131k Bakanl\u0131\u011f\u0131 81 ilde bulunan hastanelere 31 bin civar\u0131nda personel al\u0131m\u0131 yapacak.\u00a0\u0130lan tarihi hakk\u0131nda bir son dakika a\u00e7\u0131klamas\u0131 geldi. Gelen a\u00e7\u0131klamada ilan\u0131n k\u0131sa s\u00fcrede gelece\u011fine yer verildi.<\/strong><\/p>\n\n\n\n<p>Gen\u00e7 Sa\u011fl\u0131k Sendikas\u0131 Dan\u0131\u015fman\u0131 ve S\u00f6zc\u00fcs\u00fc Aras Ali Alt\u0131nta\u015f yapt\u0131\u011f\u0131 son dakika a\u00e7\u0131klamas\u0131nda atama bekleyen personeller i\u00e7in iyi haberi verdi. Alt\u0131nta\u015f yapt\u0131\u011f\u0131 a\u00e7\u0131klamada ilan\u0131n \u00d6SYM&#8217;ye g\u00f6nderildi\u011fini ve k\u0131sa s\u00fcrede yay\u0131nlanaca\u011f\u0131n\u0131 s\u00f6yledi. A\u00e7\u0131klamaya bakt\u0131\u011f\u0131m\u0131zda yap\u0131lacak olan personel al\u0131m\u0131n\u0131n 31 bin civar\u0131nda olaca\u011f\u0131 \u00f6\u011frenildi.\u00a0S\u00f6z konusu a\u00e7\u0131klama \u015fu \u015fekilde:<\/p>\n\n\n\n<figure class=\"wp-block-image size-full\"><img loading=\"lazy\" decoding=\"async\" width=\"536\" height=\"870\" src=\"https:\/\/www.urfabugun.com\/wp-content\/uploads\/2023\/03\/48681969-397C-4E4F-9F14-19DF39F3727E.png\" alt=\"\" class=\"wp-image-3754\"\/><\/figure>\n","protected":false},"excerpt":{"rendered":"<p>Sa\u011fl\u0131k Bakanl\u0131\u011f\u0131 81 ilde bulunan hastanelere 31 bin civar\u0131nda personel al\u0131m\u0131 yapacak.\u00a0\u0130lan tarihi hakk\u0131nda bir son&#46;&#46;&#46;<\/p>\n","protected":false},"author":2,"featured_media":3755,"comment_status":"open","ping_status":"open","sticky":false,"template":"","format":"standard","meta":{"inline_featured_image":false,"footnotes":""},"categories":[82],"tags":[541,941,942,939,118,131,139,107,93],"manset":[],"class_list":["post-3752","post","type-post","status-publish","format-standard","has-post-thumbnail","hentry","category-gundem-haberleri","tag-fahrettin-koca","tag-hastanelere-31-bin-saglik-personeli-aalimi-yapilacak","tag-saglik-bakanligi","tag-saglik-bakanligi-personel-alimi-yapacak","tag-sanliurfa","tag-son-dakika","tag-sondakika","tag-ub","tag-ust"],"_links":{"self":[{"href":"https:\/\/www.urfabugun.com\/index.php\/wp-json\/wp\/v2\/posts\/3752","targetHints":{"allow":["GET"]}}],"collection":[{"href":"https:\/\/www.urfabugun.com\/index.php\/wp-json\/wp\/v2\/posts"}],"about":[{"href":"https:\/\/www.urfabugun.com\/index.php\/wp-json\/wp\/v2\/types\/post"}],"author":[{"embeddable":true,"href":"https:\/\/www.urfabugun.com\/index.php\/wp-json\/wp\/v2\/users\/2"}],"replies":[{"embeddable":true,"href":"https:\/\/www.urfabugun.com\/index.php\/wp-json\/wp\/v2\/comments?post=3752"}],"version-history":[{"count":0,"href":"https:\/\/www.urfabugun.com\/index.php\/wp-json\/wp\/v2\/posts\/3752\/revisions"}],"wp:featuredmedia":[{"embeddable":true,"href":"https:\/\/www.urfabugun.com\/index.php\/wp-json\/wp\/v2\/media\/3755"}],"wp:attachment":[{"href":"https:\/\/www.urfabugun.com\/index.php\/wp-json\/wp\/v2\/media?parent=3752"}],"wp:term":[{"taxonomy":"category","embeddable":true,"href":"https:\/\/www.urfabugun.com\/index.php\/wp-json\/wp\/v2\/categories?post=3752"},{"taxonomy":"post_tag","embeddable":true,"href":"https:\/\/www.urfabugun.com\/index.php\/wp-json\/wp\/v2\/tags?post=3752"},{"taxonomy":"manset","embeddable":true,"href":"https:\/\/www.urfabugun.com\/index.php\/wp-json\/wp\/v2\/manset?post=3752"}],"curies":[{"name":"wp","href":"https:\/\/api.w.org\/{rel}","templated":true}]}}