{"id":3761,"date":"2023-03-20T10:02:22","date_gmt":"2023-03-20T07:02:22","guid":{"rendered":"https:\/\/www.urfabugun.com\/?p=3761"},"modified":"2023-03-20T10:02:28","modified_gmt":"2023-03-20T07:02:28","slug":"cunhuriyet-bassavcisi-ozel-kalem-muduru-hayatini-kaybetti","status":"publish","type":"post","link":"https:\/\/www.urfabugun.com\/index.php\/2023\/03\/20\/cunhuriyet-bassavcisi-ozel-kalem-muduru-hayatini-kaybetti\/","title":{"rendered":"Cunhuriyet Ba\u015fsavc\u0131s\u0131 \u00d6zel Kalem M\u00fcd\u00fcr\u00fc Hayat\u0131n\u0131 Kaybetti!"},"content":{"rendered":"\n<p><\/p>\n\n\n\n<p><\/p>\n\n\n\n<p><strong>Kaza, \u015eanl\u0131urfa-Viransehir yolu \u00fczerinde meydana geldi. Viran\u015fehir Cumhuriyet Ba\u015fsavc\u0131l\u0131\u011f\u0131 \u00d6zel Kalem M\u00fcd\u00fcr\u00fc Aziz Tekin\u2019in kulland\u0131\u011f\u0131 ara\u00e7, sa\u011fanak ya\u011f\u0131\u015f dolay\u0131s\u0131yla kayganla\u015fan yolda kontrolden \u00e7\u0131karak kaza yapt\u0131. \u00c7evredeki s\u00fcr\u00fcc\u00fclerin ihbar\u0131 \u00fczerine olay yerine acil sa\u011fl\u0131k ve polis ekipleri sevk edildi.<\/strong><\/p>\n\n\n\n<p>Kazada Aziz Tekin hayat\u0131n\u0131 kaybederken, ara\u00e7 i\u00e7inde bulunan ki\u015filer yaraland\u0131. Yaral\u0131lar yap\u0131lan ilk m\u00fcdahalenin ard\u0131ndan hastaneye sevk edilirken Kaza ile ilgili soru\u015fturma ba\u015flat\u0131ld\u0131<\/p>\n","protected":false},"excerpt":{"rendered":"<p>Kaza, \u015eanl\u0131urfa-Viransehir yolu \u00fczerinde meydana geldi. Viran\u015fehir Cumhuriyet Ba\u015fsavc\u0131l\u0131\u011f\u0131 \u00d6zel Kalem M\u00fcd\u00fcr\u00fc Aziz Tekin\u2019in kulland\u0131\u011f\u0131 ara\u00e7,&#46;&#46;&#46;<\/p>\n","protected":false},"author":2,"featured_media":3763,"comment_status":"open","ping_status":"open","sticky":false,"template":"","format":"standard","meta":{"inline_featured_image":false,"footnotes":""},"categories":[75],"tags":[944,118,131,107,93,226],"manset":[],"class_list":["post-3761","post","type-post","status-publish","format-standard","has-post-thumbnail","hentry","category-asayis-haberleri","tag-cunhuriyet-bassavcisi-ozel-kalem-muduru-hayatini-kaybetti","tag-sanliurfa","tag-son-dakika","tag-ub","tag-ust","tag-viransehir"],"_links":{"self":[{"href":"https:\/\/www.urfabugun.com\/index.php\/wp-json\/wp\/v2\/posts\/3761","targetHints":{"allow":["GET"]}}],"collection":[{"href":"https:\/\/www.urfabugun.com\/index.php\/wp-json\/wp\/v2\/posts"}],"about":[{"href":"https:\/\/www.urfabugun.com\/index.php\/wp-json\/wp\/v2\/types\/post"}],"author":[{"embeddable":true,"href":"https:\/\/www.urfabugun.com\/index.php\/wp-json\/wp\/v2\/users\/2"}],"replies":[{"embeddable":true,"href":"https:\/\/www.urfabugun.com\/index.php\/wp-json\/wp\/v2\/comments?post=3761"}],"version-history":[{"count":0,"href":"https:\/\/www.urfabugun.com\/index.php\/wp-json\/wp\/v2\/posts\/3761\/revisions"}],"wp:featuredmedia":[{"embeddable":true,"href":"https:\/\/www.urfabugun.com\/index.php\/wp-json\/wp\/v2\/media\/3763"}],"wp:attachment":[{"href":"https:\/\/www.urfabugun.com\/index.php\/wp-json\/wp\/v2\/media?parent=3761"}],"wp:term":[{"taxonomy":"category","embeddable":true,"href":"https:\/\/www.urfabugun.com\/index.php\/wp-json\/wp\/v2\/categories?post=3761"},{"taxonomy":"post_tag","embeddable":true,"href":"https:\/\/www.urfabugun.com\/index.php\/wp-json\/wp\/v2\/tags?post=3761"},{"taxonomy":"manset","embeddable":true,"href":"https:\/\/www.urfabugun.com\/index.php\/wp-json\/wp\/v2\/manset?post=3761"}],"curies":[{"name":"wp","href":"https:\/\/api.w.org\/{rel}","templated":true}]}}