{"id":3778,"date":"2023-03-20T11:00:15","date_gmt":"2023-03-20T08:00:15","guid":{"rendered":"https:\/\/www.urfabugun.com\/?p=3778"},"modified":"2023-03-20T11:00:22","modified_gmt":"2023-03-20T08:00:22","slug":"altin-fiyatlari-rekor-tazeledi","status":"publish","type":"post","link":"https:\/\/www.urfabugun.com\/index.php\/2023\/03\/20\/altin-fiyatlari-rekor-tazeledi\/","title":{"rendered":"Alt\u0131n Fiyatlar\u0131 Rekor Tazeledi!"},"content":{"rendered":"\n<p><\/p>\n\n\n\n<p><strong>Alt\u0131n fiyatlar\u0131, bankac\u0131l\u0131k sekt\u00f6r\u00fcn\u00fcn yaratt\u0131\u011f\u0131 riskle birlikte artmaya devam ederken ons alt\u0131n 2 bin dolar band\u0131n\u0131 a\u015ft\u0131. Gram alt\u0131n ise rekor k\u0131rd\u0131.<\/strong><\/p>\n\n\n\n<p><strong>GRAM ALTINDA YEN\u0130 REKOR<\/strong><\/p>\n\n\n\n<p>Uluslararas\u0131 piyasalarda ons alt\u0131n 2.000 dolar\u0131 a\u015ft\u0131.<\/p>\n\n\n\n<p>Alt\u0131ndaki y\u00fckseli\u015f i\u00e7 piyasaya da yans\u0131d\u0131. Gram alt\u0131n 1.220 liray\u0131 ge\u00e7erek t\u00fcm zamanlar\u0131n rekorunu k\u0131rd\u0131.<\/p>\n\n\n\n<p>Alt\u0131n\u0131n gram fiyat\u0131 bug\u00fcn 1.225 liradan al\u0131c\u0131 buluyor.<\/p>\n\n\n\n<p>\u00c7eyrek alt\u0131n 2.016, Cumhuriyet alt\u0131n\u0131 8.039 liradan sat\u0131l\u0131yor.<\/p>\n","protected":false},"excerpt":{"rendered":"<p>Alt\u0131n fiyatlar\u0131, bankac\u0131l\u0131k sekt\u00f6r\u00fcn\u00fcn yaratt\u0131\u011f\u0131 riskle birlikte artmaya devam ederken ons alt\u0131n 2 bin dolar band\u0131n\u0131&#46;&#46;&#46;<\/p>\n","protected":false},"author":2,"featured_media":3780,"comment_status":"open","ping_status":"open","sticky":false,"template":"","format":"standard","meta":{"inline_featured_image":false,"footnotes":""},"categories":[82],"tags":[140,950,952,951,303,118,107,608,93],"manset":[],"class_list":["post-3778","post","type-post","status-publish","format-standard","has-post-thumbnail","hentry","category-gundem-haberleri","tag-altin","tag-altin-fiyatlari-rekor-tazeledi","tag-ceyrek-altin-ne-kadar","tag-gram-altin-ne-kadar-oldu","tag-istanbul","tag-sanliurfa","tag-ub","tag-urfa-bugun","tag-ust"],"_links":{"self":[{"href":"https:\/\/www.urfabugun.com\/index.php\/wp-json\/wp\/v2\/posts\/3778","targetHints":{"allow":["GET"]}}],"collection":[{"href":"https:\/\/www.urfabugun.com\/index.php\/wp-json\/wp\/v2\/posts"}],"about":[{"href":"https:\/\/www.urfabugun.com\/index.php\/wp-json\/wp\/v2\/types\/post"}],"author":[{"embeddable":true,"href":"https:\/\/www.urfabugun.com\/index.php\/wp-json\/wp\/v2\/users\/2"}],"replies":[{"embeddable":true,"href":"https:\/\/www.urfabugun.com\/index.php\/wp-json\/wp\/v2\/comments?post=3778"}],"version-history":[{"count":0,"href":"https:\/\/www.urfabugun.com\/index.php\/wp-json\/wp\/v2\/posts\/3778\/revisions"}],"wp:featuredmedia":[{"embeddable":true,"href":"https:\/\/www.urfabugun.com\/index.php\/wp-json\/wp\/v2\/media\/3780"}],"wp:attachment":[{"href":"https:\/\/www.urfabugun.com\/index.php\/wp-json\/wp\/v2\/media?parent=3778"}],"wp:term":[{"taxonomy":"category","embeddable":true,"href":"https:\/\/www.urfabugun.com\/index.php\/wp-json\/wp\/v2\/categories?post=3778"},{"taxonomy":"post_tag","embeddable":true,"href":"https:\/\/www.urfabugun.com\/index.php\/wp-json\/wp\/v2\/tags?post=3778"},{"taxonomy":"manset","embeddable":true,"href":"https:\/\/www.urfabugun.com\/index.php\/wp-json\/wp\/v2\/manset?post=3778"}],"curies":[{"name":"wp","href":"https:\/\/api.w.org\/{rel}","templated":true}]}}