{"id":3783,"date":"2023-03-20T11:18:01","date_gmt":"2023-03-20T08:18:01","guid":{"rendered":"https:\/\/www.urfabugun.com\/?p=3783"},"modified":"2023-03-20T11:18:08","modified_gmt":"2023-03-20T08:18:08","slug":"saglik-il-muduru-istifa-etti","status":"publish","type":"post","link":"https:\/\/www.urfabugun.com\/index.php\/2023\/03\/20\/saglik-il-muduru-istifa-etti\/","title":{"rendered":"Sa\u011fl\u0131k \u0130l M\u00fcd\u00fcr\u00fc \u0130stifa Etti!"},"content":{"rendered":"\n<p><\/p>\n\n\n\n<p>\u015eanl\u0131urfa \u0130l Sa\u011fl\u0131k M\u00fcd\u00fcr\u00fc Prof. Dr. Mehmet G\u00fcl\u00fcm g\u00f6revinden istifa ederek AK Parti \u015eanl\u0131urfa Milletvekili Aday Aday\u0131 oldu.<\/p>\n\n\n\n<p>T\u00fcrkiye 14 May\u0131s&#8217;ta yap\u0131lacak se\u00e7imlere h\u0131zla yakla\u015f\u0131rken, aday adayl\u0131\u011f\u0131 ba\u015fvurular\u0131 da h\u0131z kazand\u0131.<\/p>\n\n\n\n<p>Siyasete girmek i\u00e7in kollar\u0131 s\u0131vayan \u015eanl\u0131urfa \u0130l Sa\u011fl\u0131k M\u00fcd\u00fcr\u00fc Prof. Dr. Mehmet G\u00fcl\u00fcm AK Parti\u2019de milletvekilli aday aday\u0131 oldu\u011fu \u00f6\u011frenildi. \u015eanl\u0131urfa yeni \u0130l Sa\u011fl\u0131k M\u00fcd\u00fcrl\u00fc\u011f\u00fcne vek\u00e2leten Dr. Faruk G\u00fcnak g\u00f6revlendirildi\u011fi \u00f6\u011frenildi.<\/p>\n","protected":false},"excerpt":{"rendered":"<p>\u015eanl\u0131urfa \u0130l Sa\u011fl\u0131k M\u00fcd\u00fcr\u00fc Prof. Dr. Mehmet G\u00fcl\u00fcm g\u00f6revinden istifa ederek AK Parti \u015eanl\u0131urfa Milletvekili Aday&#46;&#46;&#46;<\/p>\n","protected":false},"author":2,"featured_media":3785,"comment_status":"open","ping_status":"open","sticky":false,"template":"","format":"standard","meta":{"inline_featured_image":false,"footnotes":""},"categories":[82],"tags":[956,328,958,112,955,118,957,131,107,93],"manset":[],"class_list":["post-3783","post","type-post","status-publish","format-standard","has-post-thumbnail","hentry","category-gundem-haberleri","tag-aday-adayi","tag-ak-parti","tag-dr-faruk-gunak","tag-mehmet-gulum","tag-saglik-il-muduru-istifa-etti","tag-sanliurfa","tag-sanliurfa-ak-parti-milletvekili-aday-adayi","tag-son-dakika","tag-ub","tag-ust"],"_links":{"self":[{"href":"https:\/\/www.urfabugun.com\/index.php\/wp-json\/wp\/v2\/posts\/3783","targetHints":{"allow":["GET"]}}],"collection":[{"href":"https:\/\/www.urfabugun.com\/index.php\/wp-json\/wp\/v2\/posts"}],"about":[{"href":"https:\/\/www.urfabugun.com\/index.php\/wp-json\/wp\/v2\/types\/post"}],"author":[{"embeddable":true,"href":"https:\/\/www.urfabugun.com\/index.php\/wp-json\/wp\/v2\/users\/2"}],"replies":[{"embeddable":true,"href":"https:\/\/www.urfabugun.com\/index.php\/wp-json\/wp\/v2\/comments?post=3783"}],"version-history":[{"count":0,"href":"https:\/\/www.urfabugun.com\/index.php\/wp-json\/wp\/v2\/posts\/3783\/revisions"}],"wp:featuredmedia":[{"embeddable":true,"href":"https:\/\/www.urfabugun.com\/index.php\/wp-json\/wp\/v2\/media\/3785"}],"wp:attachment":[{"href":"https:\/\/www.urfabugun.com\/index.php\/wp-json\/wp\/v2\/media?parent=3783"}],"wp:term":[{"taxonomy":"category","embeddable":true,"href":"https:\/\/www.urfabugun.com\/index.php\/wp-json\/wp\/v2\/categories?post=3783"},{"taxonomy":"post_tag","embeddable":true,"href":"https:\/\/www.urfabugun.com\/index.php\/wp-json\/wp\/v2\/tags?post=3783"},{"taxonomy":"manset","embeddable":true,"href":"https:\/\/www.urfabugun.com\/index.php\/wp-json\/wp\/v2\/manset?post=3783"}],"curies":[{"name":"wp","href":"https:\/\/api.w.org\/{rel}","templated":true}]}}