{"id":3795,"date":"2023-03-20T13:35:15","date_gmt":"2023-03-20T10:35:15","guid":{"rendered":"https:\/\/www.urfabugun.com\/?p=3795"},"modified":"2023-03-20T13:35:21","modified_gmt":"2023-03-20T10:35:21","slug":"dr-ahmet-guzelcicek-gorevinden-istifa-etti","status":"publish","type":"post","link":"https:\/\/www.urfabugun.com\/index.php\/2023\/03\/20\/dr-ahmet-guzelcicek-gorevinden-istifa-etti\/","title":{"rendered":"Dr. Ahmet G\u00fczel\u00e7i\u00e7ek G\u00f6revinden \u0130stifa Etti!"},"content":{"rendered":"\n<p><\/p>\n\n\n\n<p><strong>\u015eanl\u0131urfa Harran \u00dcniversitesi T\u0131p Fak\u00fcltesi \u00d6\u011fretim \u00dcyesi Dr. Ahmet G\u00fczel\u00e7i\u00e7ek, g\u00f6revinden istifa ederek\u00a0 AK Parti \u015eanl\u0131urfa Milletvekili Aday Aday\u0131 oldu.<\/strong><\/p>\n\n\n\n<p>\u015eanl\u0131urfa\u2019da, siyaset kazan\u0131 kaynamaya devam ediyor. Aday adayl\u0131k s\u00fcrecinin devam etti\u011fi \u015fu g\u00fcnlerde istifa haberleri pe\u015fpe\u015fe geliyor. Harran \u00dcniversitesi Hastanesi eski Ba\u015fhekimi Dr. Ahmet G\u00fczel\u00e7i\u00e7ek, doktorluk g\u00f6revinden istifa eden milletvekili aday aday\u0131 oldu.&nbsp;<\/p>\n\n\n\n<p>2023 Cumhurba\u015fkanl\u0131\u011f\u0131 ve milletvekili genel se\u00e7imlerine do\u011fru gidilirken, YSK\u2019n\u0131n alm\u0131\u015f oldu\u011fu karar do\u011frultusunda partiler aday adayl\u0131k m\u00fcracaat al\u0131mlar\u0131n\u0131 s\u00fcrd\u00fcr\u00fcyor.<\/p>\n","protected":false},"excerpt":{"rendered":"<p>\u015eanl\u0131urfa Harran \u00dcniversitesi T\u0131p Fak\u00fcltesi \u00d6\u011fretim \u00dcyesi Dr. Ahmet G\u00fczel\u00e7i\u00e7ek, g\u00f6revinden istifa ederek\u00a0 AK Parti \u015eanl\u0131urfa&#46;&#46;&#46;<\/p>\n","protected":false},"author":2,"featured_media":3797,"comment_status":"open","ping_status":"open","sticky":false,"template":"","format":"standard","meta":{"inline_featured_image":false,"footnotes":""},"categories":[82],"tags":[956,967,968,178,118,131,139,107,608,93],"manset":[],"class_list":["post-3795","post","type-post","status-publish","format-standard","has-post-thumbnail","hentry","category-gundem-haberleri","tag-aday-adayi","tag-ahmet-guzelcicek","tag-ahmet-guzelcicek-aday-adayi-oldu","tag-deprem","tag-sanliurfa","tag-son-dakika","tag-sondakika","tag-ub","tag-urfa-bugun","tag-ust"],"_links":{"self":[{"href":"https:\/\/www.urfabugun.com\/index.php\/wp-json\/wp\/v2\/posts\/3795","targetHints":{"allow":["GET"]}}],"collection":[{"href":"https:\/\/www.urfabugun.com\/index.php\/wp-json\/wp\/v2\/posts"}],"about":[{"href":"https:\/\/www.urfabugun.com\/index.php\/wp-json\/wp\/v2\/types\/post"}],"author":[{"embeddable":true,"href":"https:\/\/www.urfabugun.com\/index.php\/wp-json\/wp\/v2\/users\/2"}],"replies":[{"embeddable":true,"href":"https:\/\/www.urfabugun.com\/index.php\/wp-json\/wp\/v2\/comments?post=3795"}],"version-history":[{"count":0,"href":"https:\/\/www.urfabugun.com\/index.php\/wp-json\/wp\/v2\/posts\/3795\/revisions"}],"wp:featuredmedia":[{"embeddable":true,"href":"https:\/\/www.urfabugun.com\/index.php\/wp-json\/wp\/v2\/media\/3797"}],"wp:attachment":[{"href":"https:\/\/www.urfabugun.com\/index.php\/wp-json\/wp\/v2\/media?parent=3795"}],"wp:term":[{"taxonomy":"category","embeddable":true,"href":"https:\/\/www.urfabugun.com\/index.php\/wp-json\/wp\/v2\/categories?post=3795"},{"taxonomy":"post_tag","embeddable":true,"href":"https:\/\/www.urfabugun.com\/index.php\/wp-json\/wp\/v2\/tags?post=3795"},{"taxonomy":"manset","embeddable":true,"href":"https:\/\/www.urfabugun.com\/index.php\/wp-json\/wp\/v2\/manset?post=3795"}],"curies":[{"name":"wp","href":"https:\/\/api.w.org\/{rel}","templated":true}]}}