{"id":3814,"date":"2023-03-20T21:35:54","date_gmt":"2023-03-20T18:35:54","guid":{"rendered":"https:\/\/www.urfabugun.com\/?p=3814"},"modified":"2023-03-20T21:36:01","modified_gmt":"2023-03-20T18:36:01","slug":"sanliurfanin-uluslararasi-ilk-bes-yildizli-hilton-oteli-acildi","status":"publish","type":"post","link":"https:\/\/www.urfabugun.com\/index.php\/2023\/03\/20\/sanliurfanin-uluslararasi-ilk-bes-yildizli-hilton-oteli-acildi\/","title":{"rendered":"\u015eanl\u0131urfa\u2019n\u0131n Uluslararas\u0131 \u0130lk Be\u015f Y\u0131ld\u0131zl\u0131 Hilton Oteli A\u00e7\u0131ld\u0131!"},"content":{"rendered":"\n<p><\/p>\n\n\n\n<p><strong>\u0130lk Uluslararas\u0131 Be\u015f Y\u0131ld\u0131zl\u0131 Hilton Oteli A\u00e7\u0131ld\u0131 \u015eanl\u0131urfa&#8217;da a\u00e7\u0131ld\u0131.<\/strong><\/p>\n\n\n\n<p>Tarihi \u015eanl\u0131urfa\u2019ya yak\u0131n konumdaki otel, G\u00fcneydo\u011fu Anadolu B\u00f6lgesi\u2019nin en yeni ve \u00fcst s\u0131n\u0131f oteli olarak \u00f6ne \u00e7\u0131k\u0131yor.<\/p>\n\n\n\n<figure class=\"wp-block-image size-large\"><img loading=\"lazy\" decoding=\"async\" width=\"1024\" height=\"683\" src=\"https:\/\/www.urfabugun.com\/wp-content\/uploads\/2023\/03\/4D31A9C1-ADC8-4E3E-B125-644E08BADE9E-1024x683.jpeg\" alt=\"\" class=\"wp-image-3817\"\/><\/figure>\n\n\n\n<p>\u015eanl\u0131urfa, T\u00fcrkiye 20 Mart 2023 \u2013 \u015eanl\u0131urfa\u2019n\u0131n ilk uluslararas\u0131 be\u015f y\u0131ld\u0131zl\u0131 oteli DoubleTree by Hilton \u015eanl\u0131urfa kap\u0131lar\u0131n\u0131 a\u00e7t\u0131. Urfa City AVM\u2019nin yan\u0131 ba\u015f\u0131ndaki otel 17\u2019si s\u00fcit 190 misafir odas\u0131, toplamda 1.150 ki\u015filik kapasiteye sahip toplant\u0131 ve etkinlik alanlar\u0131, 1.600 m2\u2019lik spa ve sa\u011fl\u0131k merkezi, \u015eanl\u0131urfa\u2019n\u0131n ilk BigChefs restoran\u0131 ve lobideki Starbucks k\u00f6\u015fesi ile misafirlerini a\u011f\u0131rlamaya ba\u015flad\u0131.<\/p>\n\n\n\n<figure class=\"wp-block-image size-large\"><img loading=\"lazy\" decoding=\"async\" width=\"1024\" height=\"683\" src=\"https:\/\/www.urfabugun.com\/wp-content\/uploads\/2023\/03\/5A9CAC0C-379C-475B-9007-09AD05B997B0-1024x683.jpeg\" alt=\"\" class=\"wp-image-3818\"\/><\/figure>\n\n\n\n<p>Modern mimarinin, son teknoloji \u00fcr\u00fcnlerle bulu\u015ftu\u011fu otel, b\u00f6lgenin tarihi ve k\u00fclt\u00fcrel de\u011ferlerinden izler ta\u015f\u0131yan sanat eserlerine de ev sahipli\u011fi yap\u0131yor. Hilton \u00dcst S\u0131n\u0131f ve L\u00fcks Otellerden Sorumlu \u00dclke M\u00fcd\u00fcr\u00fc Armin Zerunyan otelin \u015eanl\u0131urfa ve G\u00fcneydo\u011fu Anadolu B\u00f6lgesi turizmi i\u00e7in b\u00fcy\u00fck \u00f6nem ta\u015f\u0131d\u0131\u011f\u0131n\u0131 ifade ederek, \u201cAmerika d\u0131\u015f\u0131ndaki ilk otelini 1955 y\u0131l\u0131nda \u0130stanbul\u2019da a\u00e7an Hilton i\u00e7in T\u00fcrkiye her zaman \u00f6zel bir konuma sahip oldu. Tarihi, k\u00fclt\u00fcr\u00fc, gastronomisi ve insan\u0131 ile d\u00fcnyan\u0131n en de\u011ferli topraklar\u0131ndan biri olan \u015eanlurfa\u2019daki bu otelimizin hem \u015fehrin hem de destinasyonun uluslararas\u0131 pozisyonunu da g\u00fc\u00e7lendirece\u011fine inan\u0131yoruz\u201d dedi.<\/p>\n\n\n\n<figure class=\"wp-block-image size-large\"><img loading=\"lazy\" decoding=\"async\" width=\"1024\" height=\"683\" src=\"https:\/\/www.urfabugun.com\/wp-content\/uploads\/2023\/03\/8D6447BE-9E04-41A1-A641-2D7A6FD787A2-1024x683.jpeg\" alt=\"\" class=\"wp-image-3819\"\/><\/figure>\n\n\n\n<p><\/p>\n\n\n\n<p>Vimsa Grup yat\u0131r\u0131m\u0131yla \u015eanl\u0131urfa\u2019n\u0131n yeni ya\u015fam merkezlerinden Esentepe\u2019de konumlanan otel, Bal\u0131kl\u0131g\u00f6l ve tarihi \u015eanl\u0131urfa\u2019ya 6 km, G\u00f6beklitepe\u2019ye 19 km, \u015eanl\u0131urfa GAP Havaliman\u0131\u2019na ise 35 km uzakl\u0131kta bulunuyor. 11 katl\u0131 otel, 28 m2\u2019den ba\u015flayan standart ve del\u00fcks odalardan, alerjiye duyarl\u0131 odaya ve 116 m2 geni\u015fli\u011finde, i\u00e7inde mutfak, oturma odas\u0131 ve yemek masas\u0131 bulunan Kral Dairesi\u2019ne kadar farkl\u0131 \u00f6zelliklerdeki odalar\u0131 ile misafirlerine modern ve konforlu bir konaklama sunuyor. \u0130\u00e7 mimarisinde \u015eanl\u0131urfa\u2019n\u0131n tarihsel ve k\u00fclt\u00fcrel \u00f6\u011felerinden esinlenen otelde, \u00f6zellikle Bal\u0131kl\u0131g\u00f6l ve G\u00f6beklitepe\u2019ye ait pek \u00e7ok fig\u00fcr\u00fc g\u00f6rmek m\u00fcmk\u00fcn. Otelin i\u00e7inerisinde kullan\u0131lan sanat eserlerinin tamam\u0131 ise \u015eanl\u0131urfal\u0131 sanat\u00e7\u0131lar taraf\u0131ndan b\u00f6lgenin zengin tarihi dokusunu yans\u0131tacak \u015fekilde tasarland\u0131.<\/p>\n\n\n\n<p>\u00d6d\u00fcll\u00fc restoran zinciri BigChefs\u2019in \u015eanl\u0131urfa\u2019daki ilk \u015fubesine ev sahipli\u011fi yapan otelde, BigChefs\u2019in sevilen lezzetlerinin yan\u0131 s\u0131ra \u015eanl\u0131urfa\u2019ya \u00f6zel y\u00f6resel tarifler de misafirlerin be\u011fenisine sunulacak. K\u00fc\u00e7\u00fck at\u0131\u015ft\u0131rmal\u0131k ve imza i\u00e7ecekleriyle, otel lobisinde konumlanan Tolia Cafe, g\u00fcn i\u00e7inde bir mola vermek isteyen misafirlerini beklerken, zengin aromal\u0131 \u00f6zel kahveleri ile Starbucks ise kahve tutkunlar\u0131n\u0131 a\u011f\u0131rl\u0131yor.<\/p>\n\n\n\n<p>DoubleTree by Hilton \u015eanl\u0131urfa, toplant\u0131 ve etkinlikler i\u00e7in \u015fehrin ana arterlerine yak\u0131n konumda, toplam 1.500 m2\u2018lik alan\u0131yla ister k\u00fc\u00e7\u00fck toplant\u0131lar ister g\u00f6rkemli davetler i\u00e7in benzersiz bir se\u00e7enek sunuyor.<\/p>\n","protected":false},"excerpt":{"rendered":"<p>\u0130lk Uluslararas\u0131 Be\u015f Y\u0131ld\u0131zl\u0131 Hilton Oteli A\u00e7\u0131ld\u0131 \u015eanl\u0131urfa&#8217;da a\u00e7\u0131ld\u0131. Tarihi \u015eanl\u0131urfa\u2019ya yak\u0131n konumdaki otel, G\u00fcneydo\u011fu Anadolu&#46;&#46;&#46;<\/p>\n","protected":false},"author":2,"featured_media":3816,"comment_status":"open","ping_status":"open","sticky":false,"template":"","format":"standard","meta":{"inline_featured_image":false,"footnotes":""},"categories":[82],"tags":[118,976,131,107],"manset":[],"class_list":["post-3814","post","type-post","status-publish","format-standard","has-post-thumbnail","hentry","category-gundem-haberleri","tag-sanliurfa","tag-sanliurfanin-uluslararasi-ilk-bes-yildizli-hilton-oteli-acildi","tag-son-dakika","tag-ub"],"_links":{"self":[{"href":"https:\/\/www.urfabugun.com\/index.php\/wp-json\/wp\/v2\/posts\/3814","targetHints":{"allow":["GET"]}}],"collection":[{"href":"https:\/\/www.urfabugun.com\/index.php\/wp-json\/wp\/v2\/posts"}],"about":[{"href":"https:\/\/www.urfabugun.com\/index.php\/wp-json\/wp\/v2\/types\/post"}],"author":[{"embeddable":true,"href":"https:\/\/www.urfabugun.com\/index.php\/wp-json\/wp\/v2\/users\/2"}],"replies":[{"embeddable":true,"href":"https:\/\/www.urfabugun.com\/index.php\/wp-json\/wp\/v2\/comments?post=3814"}],"version-history":[{"count":0,"href":"https:\/\/www.urfabugun.com\/index.php\/wp-json\/wp\/v2\/posts\/3814\/revisions"}],"wp:featuredmedia":[{"embeddable":true,"href":"https:\/\/www.urfabugun.com\/index.php\/wp-json\/wp\/v2\/media\/3816"}],"wp:attachment":[{"href":"https:\/\/www.urfabugun.com\/index.php\/wp-json\/wp\/v2\/media?parent=3814"}],"wp:term":[{"taxonomy":"category","embeddable":true,"href":"https:\/\/www.urfabugun.com\/index.php\/wp-json\/wp\/v2\/categories?post=3814"},{"taxonomy":"post_tag","embeddable":true,"href":"https:\/\/www.urfabugun.com\/index.php\/wp-json\/wp\/v2\/tags?post=3814"},{"taxonomy":"manset","embeddable":true,"href":"https:\/\/www.urfabugun.com\/index.php\/wp-json\/wp\/v2\/manset?post=3814"}],"curies":[{"name":"wp","href":"https:\/\/api.w.org\/{rel}","templated":true}]}}