{"id":3849,"date":"2023-03-22T15:34:51","date_gmt":"2023-03-22T12:34:51","guid":{"rendered":"https:\/\/www.urfabugun.com\/?p=3849"},"modified":"2023-03-22T15:35:14","modified_gmt":"2023-03-22T12:35:14","slug":"bakan-bilginden-emekli-ayliklarina-iliskin-aciklama","status":"publish","type":"post","link":"https:\/\/www.urfabugun.com\/index.php\/2023\/03\/22\/bakan-bilginden-emekli-ayliklarina-iliskin-aciklama\/","title":{"rendered":"Bakan Bilgin&#8217;den Emekli Ayl\u0131klar\u0131na \u0130li\u015fkin A\u00e7\u0131klama!"},"content":{"rendered":"\n<p><\/p>\n\n\n\n<p><strong>\u00c7al\u0131\u015fma ve Sosyal G\u00fcvenlik Bakan\u0131 Vedat Bilgin ile T\u00fcrkiye Emekliler Derne\u011fi (T\u00dcED) Genel Ba\u015fkan\u0131 Kaz\u0131m Erg\u00fcn emekli ikramiyesini ele ald\u0131.<\/strong><\/p>\n\n\n\n<p>\u00c7al\u0131\u015fma ve Sosyal G\u00fcvenlik Bakan\u0131 Vedat Bilgin, T\u00fcrkiye Emekliler Derne\u011fi ziyaretinde a\u00e7\u0131klamalarda bulundu.&nbsp;<\/p>\n\n\n\n<p>En d\u00fc\u015f\u00fck emekli ayl\u0131\u011f\u0131 ve bayram ikramiyelerini y\u00fckseltecek alternatif modeller \u00fczerine \u00e7al\u0131\u015ft\u0131klar\u0131n\u0131 ifade eden Bilgin, &#8220;\u00c7al\u0131\u015fmay\u0131 en ge\u00e7 \u00f6n\u00fcm\u00fczdeki hafta ba\u015f\u0131 Cumhurba\u015fkan\u0131m\u0131za sunaca\u011f\u0131z&#8221; dedi.<\/p>\n","protected":false},"excerpt":{"rendered":"<p>\u00c7al\u0131\u015fma ve Sosyal G\u00fcvenlik Bakan\u0131 Vedat Bilgin ile T\u00fcrkiye Emekliler Derne\u011fi (T\u00dcED) Genel Ba\u015fkan\u0131 Kaz\u0131m Erg\u00fcn&#46;&#46;&#46;<\/p>\n","protected":false},"author":2,"featured_media":3851,"comment_status":"open","ping_status":"open","sticky":false,"template":"","format":"standard","meta":{"inline_featured_image":false,"footnotes":""},"categories":[82],"tags":[986,988,987,118,131,107,130],"manset":[],"class_list":["post-3849","post","type-post","status-publish","format-standard","has-post-thumbnail","hentry","category-gundem-haberleri","tag-bakan-bilgin","tag-bayram-ikramiyesi","tag-emekli-maasi","tag-sanliurfa","tag-son-dakika","tag-ub","tag-urfa"],"_links":{"self":[{"href":"https:\/\/www.urfabugun.com\/index.php\/wp-json\/wp\/v2\/posts\/3849","targetHints":{"allow":["GET"]}}],"collection":[{"href":"https:\/\/www.urfabugun.com\/index.php\/wp-json\/wp\/v2\/posts"}],"about":[{"href":"https:\/\/www.urfabugun.com\/index.php\/wp-json\/wp\/v2\/types\/post"}],"author":[{"embeddable":true,"href":"https:\/\/www.urfabugun.com\/index.php\/wp-json\/wp\/v2\/users\/2"}],"replies":[{"embeddable":true,"href":"https:\/\/www.urfabugun.com\/index.php\/wp-json\/wp\/v2\/comments?post=3849"}],"version-history":[{"count":0,"href":"https:\/\/www.urfabugun.com\/index.php\/wp-json\/wp\/v2\/posts\/3849\/revisions"}],"wp:featuredmedia":[{"embeddable":true,"href":"https:\/\/www.urfabugun.com\/index.php\/wp-json\/wp\/v2\/media\/3851"}],"wp:attachment":[{"href":"https:\/\/www.urfabugun.com\/index.php\/wp-json\/wp\/v2\/media?parent=3849"}],"wp:term":[{"taxonomy":"category","embeddable":true,"href":"https:\/\/www.urfabugun.com\/index.php\/wp-json\/wp\/v2\/categories?post=3849"},{"taxonomy":"post_tag","embeddable":true,"href":"https:\/\/www.urfabugun.com\/index.php\/wp-json\/wp\/v2\/tags?post=3849"},{"taxonomy":"manset","embeddable":true,"href":"https:\/\/www.urfabugun.com\/index.php\/wp-json\/wp\/v2\/manset?post=3849"}],"curies":[{"name":"wp","href":"https:\/\/api.w.org\/{rel}","templated":true}]}}