{"id":3892,"date":"2023-03-23T13:59:33","date_gmt":"2023-03-23T10:59:33","guid":{"rendered":"https:\/\/www.urfabugun.com\/?p=3892"},"modified":"2023-03-23T13:59:40","modified_gmt":"2023-03-23T10:59:40","slug":"selzede-vatandaslara-ilk-sahuru-buyuksehirden","status":"publish","type":"post","link":"https:\/\/www.urfabugun.com\/index.php\/2023\/03\/23\/selzede-vatandaslara-ilk-sahuru-buyuksehirden\/","title":{"rendered":"Selzede Vatanda\u015flara \u0130lk Sahuru B\u00fcy\u00fck\u015fehir\u2019den!"},"content":{"rendered":"\n<p><\/p>\n\n\n\n<p><\/p>\n\n\n\n<p><strong>Sosyal belediyecilik uygulamalar\u0131yla \u015eanl\u0131urfa halk\u0131n\u0131n her zaman yan\u0131nda olan \u015eanl\u0131urfa B\u00fcy\u00fck\u015fehir Belediyesi m\u00fcbarek Ramazan Ay\u0131\u2019nda yine g\u00f6n\u00fcllere dokundu. Halk ekmek fabrikas\u0131nda \u00fcretilen ekmekler ve haz\u0131rlanan sahurluk kumanyalar vatanda\u015flar\u0131n sofralar\u0131na ula\u015ft\u0131r\u0131ld\u0131.<\/strong><\/p>\n\n\n\n<p>Her y\u0131l Ramazan Ay\u0131 m\u00fcnasebetiyle binlerce aileye s\u0131cak yemek ula\u015ft\u0131ran \u015eanl\u0131urfa B\u00fcy\u00fck\u015fehir Belediyesi \u201cHalil \u0130brahim Gelene\u011fini\u201d bu y\u0131l da s\u00fcrd\u00fcr\u00fcyor.<\/p>\n\n\n\n<figure class=\"wp-block-image size-large\"><img loading=\"lazy\" decoding=\"async\" width=\"1024\" height=\"575\" src=\"https:\/\/www.urfabugun.com\/wp-content\/uploads\/2023\/03\/87CDCE2E-FBD5-4BA6-89F7-C4FA220B7FB3-1024x575.jpeg\" alt=\"\" class=\"wp-image-3895\"\/><\/figure>\n\n\n\n<p>\u015eanl\u0131urfa\u2019y\u0131 vuran selden etkilenen vatanda\u015flar\u0131n konaklad\u0131klar\u0131 yerlere giden \u015eanl\u0131urfa B\u00fcy\u00fck\u015fehir belediyesi ekipleri sosyal tesislerde \u00f6zenle haz\u0131rlanan paketleri vatanda\u015flara ula\u015ft\u0131rarak her zaman oldu\u011fu gibi ilk sahurda da yan\u0131n\u0131zday\u0131z mesaj\u0131 verdi.<\/p>\n\n\n\n<figure class=\"wp-block-image size-large\"><img loading=\"lazy\" decoding=\"async\" width=\"1024\" height=\"575\" src=\"https:\/\/www.urfabugun.com\/wp-content\/uploads\/2023\/03\/AA089714-0B49-4202-95A0-2DCC945E75F3-1024x575.jpeg\" alt=\"\" class=\"wp-image-3896\"\/><\/figure>\n\n\n\n<p>\u0130\u00e7erisinde peynir, zeytin, &nbsp;bal, kaymak, salatal\u0131k, domates gibi kahvalt\u0131l\u0131k malzemelerin bulundu\u011fu paketler \u00e7al\u0131\u015fanlar taraf\u0131ndan \u00f6zenle haz\u0131rlanarak ilk sahurun yap\u0131laca\u011f\u0131 saatlerden \u00f6nce da\u011f\u0131t\u0131ma \u00e7\u0131kar\u0131ld\u0131.<\/p>\n\n\n\n<p>Kap\u0131lar\u0131nda belediye ekiplerini g\u00f6ren vatanda\u015flar \u015eanl\u0131urfa B\u00fcy\u00fck\u015fehir Belediyesi\u2019nin her zaman yanlar\u0131nda hissettiklerini belirterek Allah devletimize ve Belediyemize zeval vermesin Belediyemiz kimseyi sahipsiz b\u0131rakmam\u0131\u015ft\u0131r. Bu s\u00fcre\u00e7te yan\u0131m\u0131zda olduklar\u0131 i\u00e7in te\u015fekk\u00fcr ediyoruz\u201d ifadelerine yer verdiler.<\/p>\n\n\n\n<p>\u015eanl\u0131urfa BELTUR A\u015e. Genel M\u00fcd\u00fcr Yard\u0131mc\u0131s\u0131 Mehmet Sami \u00d6zbek ise selden etkilenen vatanda\u015flar i\u00e7in sahurluk kumanyalar haz\u0131rlad\u0131klar\u0131n\u0131 belirterek Ba\u015fkan Beyazg\u00fcl\u2019\u00fcn talimatlar\u0131yla i\u00e7erisinde \u00e7e\u015fitli malzemelerden olu\u015fan kumanyalar\u0131 haz\u0131rlay\u0131p evlere teslim ettiklerini aktard\u0131. \u00d6zbek ayr\u0131ca kent merkezi ve 13 il\u00e7ede iftar \u00e7ad\u0131rlar\u0131 kurulaca\u011f\u0131n\u0131 ifade etti.<\/p>\n","protected":false},"excerpt":{"rendered":"<p>Sosyal belediyecilik uygulamalar\u0131yla \u015eanl\u0131urfa halk\u0131n\u0131n her zaman yan\u0131nda olan \u015eanl\u0131urfa B\u00fcy\u00fck\u015fehir Belediyesi m\u00fcbarek Ramazan Ay\u0131\u2019nda yine&#46;&#46;&#46;<\/p>\n","protected":false},"author":2,"featured_media":3894,"comment_status":"open","ping_status":"open","sticky":false,"template":"","format":"standard","meta":{"inline_featured_image":false,"footnotes":""},"categories":[82],"tags":[118,119,131,139,107,130,93,994],"manset":[],"class_list":["post-3892","post","type-post","status-publish","format-standard","has-post-thumbnail","hentry","category-gundem-haberleri","tag-sanliurfa","tag-sanliurfa-buyuksehir-belediyesi","tag-son-dakika","tag-sondakika","tag-ub","tag-urfa","tag-ust","tag-zeynel-abidin-beyazgul-2"],"_links":{"self":[{"href":"https:\/\/www.urfabugun.com\/index.php\/wp-json\/wp\/v2\/posts\/3892","targetHints":{"allow":["GET"]}}],"collection":[{"href":"https:\/\/www.urfabugun.com\/index.php\/wp-json\/wp\/v2\/posts"}],"about":[{"href":"https:\/\/www.urfabugun.com\/index.php\/wp-json\/wp\/v2\/types\/post"}],"author":[{"embeddable":true,"href":"https:\/\/www.urfabugun.com\/index.php\/wp-json\/wp\/v2\/users\/2"}],"replies":[{"embeddable":true,"href":"https:\/\/www.urfabugun.com\/index.php\/wp-json\/wp\/v2\/comments?post=3892"}],"version-history":[{"count":0,"href":"https:\/\/www.urfabugun.com\/index.php\/wp-json\/wp\/v2\/posts\/3892\/revisions"}],"wp:featuredmedia":[{"embeddable":true,"href":"https:\/\/www.urfabugun.com\/index.php\/wp-json\/wp\/v2\/media\/3894"}],"wp:attachment":[{"href":"https:\/\/www.urfabugun.com\/index.php\/wp-json\/wp\/v2\/media?parent=3892"}],"wp:term":[{"taxonomy":"category","embeddable":true,"href":"https:\/\/www.urfabugun.com\/index.php\/wp-json\/wp\/v2\/categories?post=3892"},{"taxonomy":"post_tag","embeddable":true,"href":"https:\/\/www.urfabugun.com\/index.php\/wp-json\/wp\/v2\/tags?post=3892"},{"taxonomy":"manset","embeddable":true,"href":"https:\/\/www.urfabugun.com\/index.php\/wp-json\/wp\/v2\/manset?post=3892"}],"curies":[{"name":"wp","href":"https:\/\/api.w.org\/{rel}","templated":true}]}}