{"id":3918,"date":"2023-03-24T12:36:55","date_gmt":"2023-03-24T09:36:55","guid":{"rendered":"https:\/\/www.urfabugun.com\/?p=3918"},"modified":"2023-03-24T12:37:02","modified_gmt":"2023-03-24T09:37:02","slug":"baskan-ozaslan-halkin-magduriyetine-dikkat-cekti","status":"publish","type":"post","link":"https:\/\/www.urfabugun.com\/index.php\/2023\/03\/24\/baskan-ozaslan-halkin-magduriyetine-dikkat-cekti\/","title":{"rendered":"Ba\u015fkan \u00d6zaslan, Halk\u0131n Ma\u011fduriyetine Dikkat \u00c7ekti!"},"content":{"rendered":"\n<p><\/p>\n\n\n\n<p><strong>H\u00dcDA PAR \u015eanl\u0131urfa \u0130l Ba\u015fkan\u0131 Emin \u00d6zaslan, taziye evleri i\u00e7in al\u0131nan \u00fccretin vatanda\u015flarda olu\u015fturdu\u011fu ma\u011fduriyeti ve sosyal belediyecilik anlay\u0131\u015f\u0131n\u0131 g\u00fcndeme getirdi.<\/strong><\/p>\n\n\n\n<p>Her hafta Cuma g\u00fcn\u00fc saat 11.11&#8217;de \u015eanl\u0131urfa&#8217;n\u0131n bir sorununu ve bu soruna y\u00f6nelik \u00e7\u00f6z\u00fcm \u00f6nerilerini payla\u015fan H\u00dcDA PAR \u015eanl\u0131urfa \u0130l Ba\u015fkan\u0131 Emin \u00d6zaslan, bu hafta ise taziye evleri i\u00e7in al\u0131nan \u00fccretin vatanda\u015flarda olu\u015fturdu\u011fu ma\u011fduriyeti ve eksik kalan sosyal belediyecili\u011fi ele\u015ftirerek yap\u0131lmas\u0131 gerekenleri dile getirdi.<\/p>\n\n\n\n<p>Emin \u00d6zaslan &#8220;H\u00dcDA PAR olarak bu hafta taziye evleri ile ilgili halk\u0131m\u0131z\u0131n \u015fik\u00e2yetlerini, taleplerini ve olmas\u0131 gereken baz\u0131 \u015feyleri payla\u015faca\u011f\u0131z&#8221; diyerek, halk\u0131n ma\u011fduriyetine dikkat \u00e7ekti.<\/p>\n\n\n\n<p>&nbsp;\u015eehrin farkl\u0131 mahallerini ziyaret eden \u00d6zaslan, mahalle sakinlerini tek tek dinledi. Vatanda\u015flar, ya\u015fad\u0131klar\u0131 ma\u011fduriyeti dile getirerek \u00e7\u00f6z\u00fcm ad\u0131na H\u00dcDA PAR&#8217;\u0131n kendilerine yard\u0131mc\u0131 olmas\u0131n\u0131 istediler.<\/p>\n\n\n\n<p>Sorunlar\u0131n\u0131 dile getiren vatanda\u015flar; bizim taziyemiz oldu, kendi ac\u0131m\u0131zla u\u011fra\u015f\u0131rken mahalle sorumlusu belediye ad\u0131na taziye evinin \u00fccretini istiyor. Ben kendi derdime mi yanay\u0131m, taziye evinin paras\u0131yla m\u0131 u\u011fra\u015fay\u0131m. O zaman belediye kald\u0131r\u0131m yapm\u0131\u015f, ben kald\u0131r\u0131mda y\u00fcr\u00fcrken, kald\u0131r\u0131m paras\u0131n\u0131 da istesin&#8221; dedi.<\/p>\n\n\n\n<p>Ba\u015fka bir vatanda\u015f ise &#8220;Taziyemizle u\u011fra\u015f\u0131rken bir yandan da taziye sorumlusu olan ki\u015fi de gidip geliyor taziye evi paras\u0131n\u0131 istiyor. Peki, biz d\u00fc\u011f\u00fcn m\u00fc yap\u0131yoruz? Taziye mi yap\u0131yoruz?&#8221; dedi.<\/p>\n\n\n\n<p>Di\u011fer bir vatanda\u015f ise &#8220;biz \u015fik\u00e2yet\u00e7iyiz. Bu taziye evlerinin \u00fccreti kalksa daha iyidir. Baz\u0131 adamlar var ki taziye yeme\u011fini yapam\u0131yor. Taziye evi i\u00e7in 3 bin TL \u00f6demek \u00e7ok g\u00fc\u00e7 oluyor&#8221; dedi.<\/p>\n\n\n\n<p>\u015eik\u00e2yet\u00e7i olan ba\u015fka bir vatanda\u015f ise &#8220;Urfa&#8217;daki taziye evlerinin \u00fccret kar\u015f\u0131l\u0131\u011f\u0131nda taziye sahiplerine verilmesi ger\u00e7ekten yanl\u0131\u015ft\u0131r. Adam\u0131n \u00f6deme durumu yok, fakirdir. Bir taraftan bor\u00e7lan\u0131p o paralar\u0131(\u00fccreti) vermek zorunda kal\u0131yor. Yani bunu belediyelerimizin \u00fcstlenmesi gerekir&#8221; diyerek talebini dile getirdi.<\/p>\n\n\n\n<p><strong>\u0130NSANLARIN ACILARI \u00dcZER\u0130NDEN GEL\u0130R ELDE ED\u0130LMEZ<\/strong><\/p>\n\n\n\n<p>H\u00dcDA PAR \u015eanl\u0131urfa \u0130l Ba\u015fkan\u0131 Emin \u00d6zaslan &#8220;g\u00f6rd\u00fc\u011f\u00fcn\u00fcz gibi insanlar bir taraftan taziyeleriyle u\u011fra\u015f\u0131rken \u00f6b\u00fcr taraftan taziye evi \u00fccretleriyle u\u011fra\u015fmak zorunda kal\u0131yorlar. Kimi insanlar var ki maddi durumu el vermedi\u011fi i\u00e7in kendi evinde taziye yapmak zorunda kal\u0131yor. Peki, olmas\u0131 gereken \u015fey nedir? Belediyeler b\u00fct\u00fcn taziye evlerinin i\u015fletmesini devralmal\u0131, b\u00fct\u00fcn y\u00f6netim belediyelerde olmal\u0131. Belediyeler oraya bir personel tahsis etmeli ve hi\u00e7 kimseden \u00fccret talep etmemelidir. \u00c7\u00fcnk\u00fc ac\u0131lar \u00fczerinden gelir elde edilmez. Belediyeler hizmet kurumlar\u0131d\u0131r, k\u00e2r amac\u0131 g\u00fcden ticari kurulu\u015flar de\u011fildir. O y\u00fczden, belediyeler bir an \u00f6nce bu i\u015fe el atmal\u0131 ve taziye evi \u00fccreti hi\u00e7 bir zaman halktan talep edilmemelidir. B\u0131rakal\u0131m insanlar sadece ac\u0131lar\u0131n\u0131 ya\u015fas\u0131nlar. Onlar\u0131 ba\u015fka sorunlar ile ba\u015f ba\u015fa b\u0131rakmayal\u0131m&#8221; dedi.<\/p>\n\n\n\n<p><strong>Taziye Evi Olmayan A\u015firetlere De Bir An \u00d6nce Tahsis Yap\u0131lmal\u0131<\/strong><\/p>\n\n\n\n<p>\u00d6zaslan &#8220;di\u011fer bir mesele var ki; Eyy\u00fcbiye Belediyesi taziye evleri i\u00e7in bir kamp\u00fcs yapt\u0131. Bu kamp\u00fcs\u00fcn i\u00e7erisinde birden fazla taziye evi var. Buradaki a\u015firetlere birer taziye evi tahsisi yapt\u0131. Ama bu tahsis yap\u0131l\u0131rken baz\u0131 a\u015firetler es ge\u00e7ildi. Eyy\u00fcbiye Belediyesi&#8217;ne \u00e7a\u011fr\u0131da bulunuyoruz. Diyoruz ki; yapt\u0131\u011f\u0131n\u0131z g\u00fczel bir uygulama, bunun i\u00e7in te\u015fekk\u00fcr ve tebrik ediyoruz. Fakat eksik b\u0131rak\u0131lan taraf; neden baz\u0131 a\u015firetlere bu tahsis yap\u0131lmad\u0131. \u015eu an taziye evi olmayan a\u015firetlere de bir an \u00f6nce tahsis yap\u0131lmal\u0131 diye, Eyy\u00fcbiye Belediyesi&#8217;ne \u00e7a\u011fr\u0131da bulunuyoruz&#8221; diyerek, belediyeyi adaletli davranmaya davet etti.<\/p>\n","protected":false},"excerpt":{"rendered":"<p>H\u00dcDA PAR \u015eanl\u0131urfa \u0130l Ba\u015fkan\u0131 Emin \u00d6zaslan, taziye evleri i\u00e7in al\u0131nan \u00fccretin vatanda\u015flarda olu\u015fturdu\u011fu ma\u011fduriyeti ve&#46;&#46;&#46;<\/p>\n","protected":false},"author":2,"featured_media":3920,"comment_status":"open","ping_status":"open","sticky":false,"template":"","format":"standard","meta":{"inline_featured_image":false,"footnotes":""},"categories":[82],"tags":[1018,465,118,131,1019,107,130,93],"manset":[],"class_list":["post-3918","post","type-post","status-publish","format-standard","has-post-thumbnail","hentry","category-gundem-haberleri","tag-emin-ozaslan-3","tag-huda-par","tag-sanliurfa","tag-son-dakika","tag-taziye-evi","tag-ub","tag-urfa","tag-ust"],"_links":{"self":[{"href":"https:\/\/www.urfabugun.com\/index.php\/wp-json\/wp\/v2\/posts\/3918","targetHints":{"allow":["GET"]}}],"collection":[{"href":"https:\/\/www.urfabugun.com\/index.php\/wp-json\/wp\/v2\/posts"}],"about":[{"href":"https:\/\/www.urfabugun.com\/index.php\/wp-json\/wp\/v2\/types\/post"}],"author":[{"embeddable":true,"href":"https:\/\/www.urfabugun.com\/index.php\/wp-json\/wp\/v2\/users\/2"}],"replies":[{"embeddable":true,"href":"https:\/\/www.urfabugun.com\/index.php\/wp-json\/wp\/v2\/comments?post=3918"}],"version-history":[{"count":0,"href":"https:\/\/www.urfabugun.com\/index.php\/wp-json\/wp\/v2\/posts\/3918\/revisions"}],"wp:featuredmedia":[{"embeddable":true,"href":"https:\/\/www.urfabugun.com\/index.php\/wp-json\/wp\/v2\/media\/3920"}],"wp:attachment":[{"href":"https:\/\/www.urfabugun.com\/index.php\/wp-json\/wp\/v2\/media?parent=3918"}],"wp:term":[{"taxonomy":"category","embeddable":true,"href":"https:\/\/www.urfabugun.com\/index.php\/wp-json\/wp\/v2\/categories?post=3918"},{"taxonomy":"post_tag","embeddable":true,"href":"https:\/\/www.urfabugun.com\/index.php\/wp-json\/wp\/v2\/tags?post=3918"},{"taxonomy":"manset","embeddable":true,"href":"https:\/\/www.urfabugun.com\/index.php\/wp-json\/wp\/v2\/manset?post=3918"}],"curies":[{"name":"wp","href":"https:\/\/api.w.org\/{rel}","templated":true}]}}