{"id":3995,"date":"2023-03-26T17:49:20","date_gmt":"2023-03-26T14:49:20","guid":{"rendered":"https:\/\/www.urfabugun.com\/?p=3995"},"modified":"2023-03-26T17:49:28","modified_gmt":"2023-03-26T14:49:28","slug":"ali-sunaldan-guldur-guldur-aciklamasi","status":"publish","type":"post","link":"https:\/\/www.urfabugun.com\/index.php\/2023\/03\/26\/ali-sunaldan-guldur-guldur-aciklamasi\/","title":{"rendered":"Ali Sunal&#8217;dan G\u00fcld\u00fcr G\u00fcld\u00fcr A\u00e7\u0131klamas\u0131!"},"content":{"rendered":"\n<p><\/p>\n\n\n\n<p><strong>Show TV&#8217;de yay\u0131mlanan G\u00fcld\u00fcr G\u00fcld\u00fcr program\u0131nda depremle ilgili yapt\u0131\u011f\u0131 konu\u015fman\u0131n ard\u0131ndan programdan ayr\u0131ld\u0131\u011f\u0131 iddia edilen Ali Sunal, sosyal medya hesab\u0131ndan yapt\u0131\u011f\u0131 payla\u015f\u0131mda &#8220;Bir yere gitti\u011fim yok, git diyen de yok&#8221; diyerek yalanlad\u0131.<\/strong><\/p>\n\n\n\n<p>Son d\u00f6nemde ske\u00e7lerle g\u00fcndeme damga vuran Komedi ske\u00e7 program\u0131 G\u00fcld\u00fcr G\u00fcld\u00fcr&#8217;\u00fcn suncusu Ali Sunal, \u00fc\u00e7 hafta \u00f6nce yay\u0131mlanan programda depremle ilgili dikkat \u00e7eken a\u00e7\u0131klamalarda bulunmu\u015ftu. Ali Sunal&#8217;\u0131n bu a\u00e7\u0131klamalardan sonra programdan ayr\u0131laca\u011f\u0131 iddia edildi.<\/p>\n\n\n\n<p>Ali Sunal, Twitter hesab\u0131ndan yapt\u0131\u011f\u0131 payla\u015f\u0131mla iddialar\u0131 yalanlad\u0131. Bir yere gitmedi\u011fini s\u00f6yleyen Sunal, yola devam ettiklerini belirtti: &#8220;Efendim iyi pazarlar. D\u00fcn &#8216;G\u00fcld\u00fcr G\u00fcld\u00fcr&#8217; kanal\u0131m\u0131z Show TV&#8217;de yay\u0131ndayken benim ayr\u0131ld\u0131\u011f\u0131m gibi as\u0131ls\u0131z bir bilgi yay\u0131lm\u0131\u015f. Bir yere gitti\u011fimiz yok, git diyen de yok. Kanal\u0131m\u0131zda, bir par\u00e7as\u0131 olmaktan gurur duydu\u011fum program\u0131m\u0131zla devam ediyoruz. Hepinize sevgiler sayg\u0131lar.&#8221;<\/p>\n","protected":false},"excerpt":{"rendered":"<p>Show TV&#8217;de yay\u0131mlanan G\u00fcld\u00fcr G\u00fcld\u00fcr program\u0131nda depremle ilgili yapt\u0131\u011f\u0131 konu\u015fman\u0131n ard\u0131ndan programdan ayr\u0131ld\u0131\u011f\u0131 iddia edilen Ali&#46;&#46;&#46;<\/p>\n","protected":false},"author":2,"featured_media":3997,"comment_status":"open","ping_status":"open","sticky":false,"template":"","format":"standard","meta":{"inline_featured_image":false,"footnotes":""},"categories":[85],"tags":[1056,1058,1057,617,139,107,93],"manset":[],"class_list":["post-3995","post","type-post","status-publish","format-standard","has-post-thumbnail","hentry","category-magazin-haberleri","tag-ali-sunal","tag-ali-sunaldan-guldur-guldur-aciklamasi","tag-guldur-guldur-show","tag-show-tv","tag-sondakika","tag-ub","tag-ust"],"_links":{"self":[{"href":"https:\/\/www.urfabugun.com\/index.php\/wp-json\/wp\/v2\/posts\/3995","targetHints":{"allow":["GET"]}}],"collection":[{"href":"https:\/\/www.urfabugun.com\/index.php\/wp-json\/wp\/v2\/posts"}],"about":[{"href":"https:\/\/www.urfabugun.com\/index.php\/wp-json\/wp\/v2\/types\/post"}],"author":[{"embeddable":true,"href":"https:\/\/www.urfabugun.com\/index.php\/wp-json\/wp\/v2\/users\/2"}],"replies":[{"embeddable":true,"href":"https:\/\/www.urfabugun.com\/index.php\/wp-json\/wp\/v2\/comments?post=3995"}],"version-history":[{"count":0,"href":"https:\/\/www.urfabugun.com\/index.php\/wp-json\/wp\/v2\/posts\/3995\/revisions"}],"wp:featuredmedia":[{"embeddable":true,"href":"https:\/\/www.urfabugun.com\/index.php\/wp-json\/wp\/v2\/media\/3997"}],"wp:attachment":[{"href":"https:\/\/www.urfabugun.com\/index.php\/wp-json\/wp\/v2\/media?parent=3995"}],"wp:term":[{"taxonomy":"category","embeddable":true,"href":"https:\/\/www.urfabugun.com\/index.php\/wp-json\/wp\/v2\/categories?post=3995"},{"taxonomy":"post_tag","embeddable":true,"href":"https:\/\/www.urfabugun.com\/index.php\/wp-json\/wp\/v2\/tags?post=3995"},{"taxonomy":"manset","embeddable":true,"href":"https:\/\/www.urfabugun.com\/index.php\/wp-json\/wp\/v2\/manset?post=3995"}],"curies":[{"name":"wp","href":"https:\/\/api.w.org\/{rel}","templated":true}]}}