{"id":4017,"date":"2023-03-27T16:05:19","date_gmt":"2023-03-27T13:05:19","guid":{"rendered":"https:\/\/www.urfabugun.com\/?p=4017"},"modified":"2023-03-27T16:05:25","modified_gmt":"2023-03-27T13:05:25","slug":"sanliurfada-yagislar-devam-edecek-mi","status":"publish","type":"post","link":"https:\/\/www.urfabugun.com\/index.php\/2023\/03\/27\/sanliurfada-yagislar-devam-edecek-mi\/","title":{"rendered":"\u015eanl\u0131urfa\u2019da Ya\u011f\u0131\u015flar Devam\u00a0\u00a0Edecek Mi?"},"content":{"rendered":"\n<p><\/p>\n\n\n\n<p><strong>Meteoroloji Genel m\u00fcd\u00fcrl\u00fc\u011f\u00fc \u015eanl\u0131urfa\u2019da beklenen hava durumu tahminleri a\u00e7\u0131kland\u0131.<\/strong><\/p>\n\n\n\n<p>Pazar G\u00fcn\u00fc \u0130tibariyle ba\u015flayan sa\u011fnak ya\u011f\u0131\u015f Hafta boyunca devam edecek.\u015eanl\u0131urfa\u2019da Sel uyar\u0131lar\u0131 veren AFAD ve \u015eanl\u0131urfa Valili\u011fi Hafta boyunca Ya\u011f\u0131\u015flar\u0131n devam edece\u011fini bildirdi.\u0130\u015fte tahmini hava durumu<\/p>\n","protected":false},"excerpt":{"rendered":"<p>Meteoroloji Genel m\u00fcd\u00fcrl\u00fc\u011f\u00fc \u015eanl\u0131urfa\u2019da beklenen hava durumu tahminleri a\u00e7\u0131kland\u0131. Pazar G\u00fcn\u00fc \u0130tibariyle ba\u015flayan sa\u011fnak ya\u011f\u0131\u015f Hafta&#46;&#46;&#46;<\/p>\n","protected":false},"author":2,"featured_media":3984,"comment_status":"open","ping_status":"open","sticky":false,"template":"","format":"standard","meta":{"inline_featured_image":false,"footnotes":""},"categories":[92],"tags":[108,118,1066,131,139,608,93],"manset":[],"class_list":["post-4017","post","type-post","status-publish","format-standard","has-post-thumbnail","hentry","category-yasam-haberleri","tag-hava-durumu","tag-sanliurfa","tag-sanliurfada-yagislar-devam-edecek-mi","tag-son-dakika","tag-sondakika","tag-urfa-bugun","tag-ust"],"_links":{"self":[{"href":"https:\/\/www.urfabugun.com\/index.php\/wp-json\/wp\/v2\/posts\/4017","targetHints":{"allow":["GET"]}}],"collection":[{"href":"https:\/\/www.urfabugun.com\/index.php\/wp-json\/wp\/v2\/posts"}],"about":[{"href":"https:\/\/www.urfabugun.com\/index.php\/wp-json\/wp\/v2\/types\/post"}],"author":[{"embeddable":true,"href":"https:\/\/www.urfabugun.com\/index.php\/wp-json\/wp\/v2\/users\/2"}],"replies":[{"embeddable":true,"href":"https:\/\/www.urfabugun.com\/index.php\/wp-json\/wp\/v2\/comments?post=4017"}],"version-history":[{"count":0,"href":"https:\/\/www.urfabugun.com\/index.php\/wp-json\/wp\/v2\/posts\/4017\/revisions"}],"wp:featuredmedia":[{"embeddable":true,"href":"https:\/\/www.urfabugun.com\/index.php\/wp-json\/wp\/v2\/media\/3984"}],"wp:attachment":[{"href":"https:\/\/www.urfabugun.com\/index.php\/wp-json\/wp\/v2\/media?parent=4017"}],"wp:term":[{"taxonomy":"category","embeddable":true,"href":"https:\/\/www.urfabugun.com\/index.php\/wp-json\/wp\/v2\/categories?post=4017"},{"taxonomy":"post_tag","embeddable":true,"href":"https:\/\/www.urfabugun.com\/index.php\/wp-json\/wp\/v2\/tags?post=4017"},{"taxonomy":"manset","embeddable":true,"href":"https:\/\/www.urfabugun.com\/index.php\/wp-json\/wp\/v2\/manset?post=4017"}],"curies":[{"name":"wp","href":"https:\/\/api.w.org\/{rel}","templated":true}]}}