{"id":4020,"date":"2023-03-27T17:55:07","date_gmt":"2023-03-27T14:55:07","guid":{"rendered":"https:\/\/www.urfabugun.com\/?p=4020"},"modified":"2023-03-27T17:55:16","modified_gmt":"2023-03-27T14:55:16","slug":"ibrahim-tatlisesten-urfa-siyasetine-tirsik-benzetmesi","status":"publish","type":"post","link":"https:\/\/www.urfabugun.com\/index.php\/2023\/03\/27\/ibrahim-tatlisesten-urfa-siyasetine-tirsik-benzetmesi\/","title":{"rendered":"\u0130brahim Tatl\u0131ses\u2019ten Urfa Siyasetine T\u0131r\u015fik Benzetmesi!"},"content":{"rendered":"\n<p><\/p>\n\n\n\n<p><strong>\u00dcnl\u00fc \u015fark\u0131c\u0131 \u0130brahim Tatl\u0131ses Ak Parti \u015eanl\u0131urfa Milletvekili Aday aday\u0131 olmas\u0131n\u0131n ard\u0131ndan sosyal medyadan ilgin\u00e7 bir benzetmede bulundu.\u00a0<\/strong><\/p>\n\n\n\n<p><strong>2023 se\u00e7imleri i\u00e7in memleketi olan \u015eanl\u0131urfa&#8217;dan aday adayl\u0131\u011f\u0131 ba\u015fvuru yapan usta sanat\u00e7\u0131 \u0130brahim Tatl\u0131ses twitter hesab\u0131ndan onu seven ve takip edenlere seslendi. Tatl\u0131ses:&nbsp; &#8220;Siyaset, T\u00fcrkiye ve \u015eanl\u0131urfa&#8217;da tabiri caizse t\u0131r\u015fik a\u015f\u0131na d\u00f6nm\u00fc\u015f vaziyette. Bu se\u00e7imde do\u011fru karar\u0131 verdiniz verdiniz, vermediniz herkese ge\u00e7mi\u015f olsun&#8221; ifadelerini kulland\u0131.<\/strong><\/p>\n","protected":false},"excerpt":{"rendered":"<p>\u00dcnl\u00fc \u015fark\u0131c\u0131 \u0130brahim Tatl\u0131ses Ak Parti \u015eanl\u0131urfa Milletvekili Aday aday\u0131 olmas\u0131n\u0131n ard\u0131ndan sosyal medyadan ilgin\u00e7 bir&#46;&#46;&#46;<\/p>\n","protected":false},"author":2,"featured_media":4022,"comment_status":"open","ping_status":"open","sticky":false,"template":"","format":"standard","meta":{"inline_featured_image":false,"footnotes":""},"categories":[85],"tags":[307,1067,1068,118,131,107,93],"manset":[],"class_list":["post-4020","post","type-post","status-publish","format-standard","has-post-thumbnail","hentry","category-magazin-haberleri","tag-ibrahim-tatlises","tag-ibrahim-tatlisesten-urfa-siyasetine-tirsik-benzetmesi","tag-ibrahim-tatlisesten-tirsik-aciklamasi","tag-sanliurfa","tag-son-dakika","tag-ub","tag-ust"],"_links":{"self":[{"href":"https:\/\/www.urfabugun.com\/index.php\/wp-json\/wp\/v2\/posts\/4020","targetHints":{"allow":["GET"]}}],"collection":[{"href":"https:\/\/www.urfabugun.com\/index.php\/wp-json\/wp\/v2\/posts"}],"about":[{"href":"https:\/\/www.urfabugun.com\/index.php\/wp-json\/wp\/v2\/types\/post"}],"author":[{"embeddable":true,"href":"https:\/\/www.urfabugun.com\/index.php\/wp-json\/wp\/v2\/users\/2"}],"replies":[{"embeddable":true,"href":"https:\/\/www.urfabugun.com\/index.php\/wp-json\/wp\/v2\/comments?post=4020"}],"version-history":[{"count":0,"href":"https:\/\/www.urfabugun.com\/index.php\/wp-json\/wp\/v2\/posts\/4020\/revisions"}],"wp:featuredmedia":[{"embeddable":true,"href":"https:\/\/www.urfabugun.com\/index.php\/wp-json\/wp\/v2\/media\/4022"}],"wp:attachment":[{"href":"https:\/\/www.urfabugun.com\/index.php\/wp-json\/wp\/v2\/media?parent=4020"}],"wp:term":[{"taxonomy":"category","embeddable":true,"href":"https:\/\/www.urfabugun.com\/index.php\/wp-json\/wp\/v2\/categories?post=4020"},{"taxonomy":"post_tag","embeddable":true,"href":"https:\/\/www.urfabugun.com\/index.php\/wp-json\/wp\/v2\/tags?post=4020"},{"taxonomy":"manset","embeddable":true,"href":"https:\/\/www.urfabugun.com\/index.php\/wp-json\/wp\/v2\/manset?post=4020"}],"curies":[{"name":"wp","href":"https:\/\/api.w.org\/{rel}","templated":true}]}}