{"id":4164,"date":"2023-04-01T14:52:25","date_gmt":"2023-04-01T11:52:25","guid":{"rendered":"https:\/\/www.urfabugun.com\/?p=4164"},"modified":"2023-04-01T14:52:45","modified_gmt":"2023-04-01T11:52:45","slug":"4164","status":"publish","type":"post","link":"https:\/\/www.urfabugun.com\/index.php\/2023\/04\/01\/4164\/","title":{"rendered":"Cumhurba\u015fkan\u0131 Adaylar\u0131n\u0131n Oy Pusulas\u0131ndaki Yerleri Belli Oldu!"},"content":{"rendered":"\n<p><\/p>\n\n\n\n<p><strong>14 May\u0131sta Ger\u00e7ekle\u015fecek se\u00e7imlerde Cumhurba\u015fkan\u0131 adaylar\u0131n\u0131n oy pusulas\u0131ndaki yerleri kura ile belirlendi.\u00a0<\/strong><\/p>\n\n\n\n<p>14 May\u0131s se\u00e7imlerine haftalar kala, yar\u0131\u015facak 4 cumhurba\u015fkan\u0131 aday\u0131n\u0131n oy pusulas\u0131ndaki yerleri belli oldu. Kura \u00e7ekimini Kemal K\u0131l\u0131\u00e7daro\u011flu&#8217;nu temsilen Av. Mehmet Hadimi Yakupo\u011flu, Muharrem \u0130nce&#8217;yi temsilen Av. Halil \u0130lker \u00c7elik, Recep Tayyip Erdo\u011fan&#8217;\u0131 temsilen Av. Do\u00e7. Dr. H\u00fcseyin Ayd\u0131n, Sinan O\u011fan&#8217;\u0131 temsilen Av. K\u00fcr\u015fat Erg\u00fcn yapt\u0131.<\/p>\n\n\n\n<p>Buna g\u00f6re pusulada Cumhurba\u015fkan\u0131 Erdo\u011fan 1. s\u0131rada, Muharrem \u0130nce 2. s\u0131rada, Kemal K\u0131l\u0131\u00e7daro\u011flu 3. s\u0131rada, Sinan O\u011fan ise 4. s\u0131rada yer alacak.<\/p>\n","protected":false},"excerpt":{"rendered":"<p>14 May\u0131sta Ger\u00e7ekle\u015fecek se\u00e7imlerde Cumhurba\u015fkan\u0131 adaylar\u0131n\u0131n oy pusulas\u0131ndaki yerleri kura ile belirlendi.\u00a0 14 May\u0131s se\u00e7imlerine haftalar&#46;&#46;&#46;<\/p>\n","protected":false},"author":2,"featured_media":4166,"comment_status":"open","ping_status":"open","sticky":false,"template":"","format":"standard","meta":{"inline_featured_image":false,"footnotes":""},"categories":[82],"tags":[1137,118,131,107,608,93],"manset":[],"class_list":["post-4164","post","type-post","status-publish","format-standard","has-post-thumbnail","hentry","category-gundem-haberleri","tag-cumhurbaskani-adaylarinin-oy-pusulasindaki-yerleri-belli-oldu","tag-sanliurfa","tag-son-dakika","tag-ub","tag-urfa-bugun","tag-ust"],"_links":{"self":[{"href":"https:\/\/www.urfabugun.com\/index.php\/wp-json\/wp\/v2\/posts\/4164","targetHints":{"allow":["GET"]}}],"collection":[{"href":"https:\/\/www.urfabugun.com\/index.php\/wp-json\/wp\/v2\/posts"}],"about":[{"href":"https:\/\/www.urfabugun.com\/index.php\/wp-json\/wp\/v2\/types\/post"}],"author":[{"embeddable":true,"href":"https:\/\/www.urfabugun.com\/index.php\/wp-json\/wp\/v2\/users\/2"}],"replies":[{"embeddable":true,"href":"https:\/\/www.urfabugun.com\/index.php\/wp-json\/wp\/v2\/comments?post=4164"}],"version-history":[{"count":0,"href":"https:\/\/www.urfabugun.com\/index.php\/wp-json\/wp\/v2\/posts\/4164\/revisions"}],"wp:featuredmedia":[{"embeddable":true,"href":"https:\/\/www.urfabugun.com\/index.php\/wp-json\/wp\/v2\/media\/4166"}],"wp:attachment":[{"href":"https:\/\/www.urfabugun.com\/index.php\/wp-json\/wp\/v2\/media?parent=4164"}],"wp:term":[{"taxonomy":"category","embeddable":true,"href":"https:\/\/www.urfabugun.com\/index.php\/wp-json\/wp\/v2\/categories?post=4164"},{"taxonomy":"post_tag","embeddable":true,"href":"https:\/\/www.urfabugun.com\/index.php\/wp-json\/wp\/v2\/tags?post=4164"},{"taxonomy":"manset","embeddable":true,"href":"https:\/\/www.urfabugun.com\/index.php\/wp-json\/wp\/v2\/manset?post=4164"}],"curies":[{"name":"wp","href":"https:\/\/api.w.org\/{rel}","templated":true}]}}