{"id":4395,"date":"2023-04-09T11:32:36","date_gmt":"2023-04-09T08:32:36","guid":{"rendered":"https:\/\/www.urfabugun.com\/?p=4395"},"modified":"2023-04-09T11:32:42","modified_gmt":"2023-04-09T08:32:42","slug":"chp-sanliurfa-milletvekili-adaylari-aciklandi","status":"publish","type":"post","link":"https:\/\/www.urfabugun.com\/index.php\/2023\/04\/09\/chp-sanliurfa-milletvekili-adaylari-aciklandi\/","title":{"rendered":"CHP \u015eanl\u0131urfa Milletvekili Adaylar\u0131 A\u00e7\u0131kland\u0131!"},"content":{"rendered":"\n<p><\/p>\n\n\n\n<p><strong>\u015eanl\u0131urfa&#8217;da aday aday\u0131 olan milletvekili yar\u0131\u015f\u0131nda sonu\u00e7lar netle\u015fmeye ba\u015flad\u0131.<\/strong><\/p>\n\n\n\n<p>81 ilde \u00e7\u0131kar\u0131lan adaylar milyonlar\u0131n ilgi oda\u011f\u0131 oldu. Ald\u0131\u011f\u0131m\u0131z Son Dakika Bilgilerine g\u00f6re CHP \u015eanl\u0131urfa milletvekili adaylar\u0131 \u015fu \u015fekilde\u2026<\/p>\n\n\n\n<p>CHP \u015eanl\u0131urfa Adaylar\u0131<\/p>\n\n\n\n<p>1.Mahmut Tanal<\/p>\n\n\n\n<p>2.M\u00fcsl\u00fcm Akal\u0131n<\/p>\n\n\n\n<p>3.Ahmet T\u00fcys\u00fcz (DEVA)<\/p>\n\n\n\n<p>4.Abdullah Ye\u015fil (Gelecek Partisi)<\/p>\n\n\n\n<p>5.\u0130brahim Direk<\/p>\n\n\n\n<p>6.S\u00fcleyman G\u00f6k<\/p>\n\n\n\n<p>7.Ali Fethi G\u00fcrler<\/p>\n\n\n\n<p>8.Abdullah Direk<\/p>\n\n\n\n<p>9.M\u00fcsl\u00fcm \u015eikak<\/p>\n\n\n\n<p>10.Adnan T\u00fcys\u00fcz<\/p>\n\n\n\n<p>11.Abdulkadir \u00c7etin<\/p>\n","protected":false},"excerpt":{"rendered":"<p>\u015eanl\u0131urfa&#8217;da aday aday\u0131 olan milletvekili yar\u0131\u015f\u0131nda sonu\u00e7lar netle\u015fmeye ba\u015flad\u0131. 81 ilde \u00e7\u0131kar\u0131lan adaylar milyonlar\u0131n ilgi oda\u011f\u0131&#46;&#46;&#46;<\/p>\n","protected":false},"author":2,"featured_media":4397,"comment_status":"open","ping_status":"open","sticky":false,"template":"","format":"standard","meta":{"inline_featured_image":false,"footnotes":""},"categories":[82],"tags":[1303,1313,1305,1311,1312,1308,1309,1300,1297,158,1228,1315,1306,1230,1310,1307,1301,1316,1314,1304,107,93],"manset":[],"class_list":["post-4395","post","type-post","status-publish","format-standard","has-post-thumbnail","hentry","category-gundem-haberleri","tag-mahmut-tanal-2","tag-abdulkadir-cetin","tag-abdullah-direk","tag-abdullah-yesil","tag-adnan-tuysuz","tag-ahmet-tuysuz","tag-ali-fethi-gurler","tag-chp-nin-adaylari-kim","tag-chp-sanliurfa-milletvekili-adaylari-aciklandi","tag-deva-partisi","tag-gibi","tag-haberler","tag-ibrahim-direk","tag-ilk","tag-muslum-cengizhan-akalin","tag-muslum-sikak","tag-pol","tag-son-dakika-haberler","tag-son-dakika-urfa","tag-suleyman-gok","tag-ub","tag-ust"],"_links":{"self":[{"href":"https:\/\/www.urfabugun.com\/index.php\/wp-json\/wp\/v2\/posts\/4395","targetHints":{"allow":["GET"]}}],"collection":[{"href":"https:\/\/www.urfabugun.com\/index.php\/wp-json\/wp\/v2\/posts"}],"about":[{"href":"https:\/\/www.urfabugun.com\/index.php\/wp-json\/wp\/v2\/types\/post"}],"author":[{"embeddable":true,"href":"https:\/\/www.urfabugun.com\/index.php\/wp-json\/wp\/v2\/users\/2"}],"replies":[{"embeddable":true,"href":"https:\/\/www.urfabugun.com\/index.php\/wp-json\/wp\/v2\/comments?post=4395"}],"version-history":[{"count":0,"href":"https:\/\/www.urfabugun.com\/index.php\/wp-json\/wp\/v2\/posts\/4395\/revisions"}],"wp:featuredmedia":[{"embeddable":true,"href":"https:\/\/www.urfabugun.com\/index.php\/wp-json\/wp\/v2\/media\/4397"}],"wp:attachment":[{"href":"https:\/\/www.urfabugun.com\/index.php\/wp-json\/wp\/v2\/media?parent=4395"}],"wp:term":[{"taxonomy":"category","embeddable":true,"href":"https:\/\/www.urfabugun.com\/index.php\/wp-json\/wp\/v2\/categories?post=4395"},{"taxonomy":"post_tag","embeddable":true,"href":"https:\/\/www.urfabugun.com\/index.php\/wp-json\/wp\/v2\/tags?post=4395"},{"taxonomy":"manset","embeddable":true,"href":"https:\/\/www.urfabugun.com\/index.php\/wp-json\/wp\/v2\/manset?post=4395"}],"curies":[{"name":"wp","href":"https:\/\/api.w.org\/{rel}","templated":true}]}}