{"id":4486,"date":"2023-04-10T19:41:23","date_gmt":"2023-04-10T16:41:23","guid":{"rendered":"https:\/\/www.urfabugun.com\/?p=4486"},"modified":"2023-04-10T19:41:30","modified_gmt":"2023-04-10T16:41:30","slug":"ceylanpinar-gocerleri-kendi-devletinde-magdur-olmak-istemiyor","status":"publish","type":"post","link":"https:\/\/www.urfabugun.com\/index.php\/2023\/04\/10\/ceylanpinar-gocerleri-kendi-devletinde-magdur-olmak-istemiyor\/","title":{"rendered":"Ceylanp\u0131nar G\u00f6\u00e7erleri Kendi Devletinde Ma\u011fdur Olmak istemiyor!"},"content":{"rendered":"\n<p><\/p>\n\n\n\n<p>\u015eanl\u0131urfa&#8217;n\u0131n Ceylanp\u0131nar il\u00e7esi G\u00f6\u00e7erler derne\u011fi Ba\u015fkan\u0131 Fethi Bilir G\u00f6\u00e7erlerin maddi ve manevi s\u0131k\u0131nt\u0131s\u0131n\u0131 dile getirdi. Ba\u015fkan Bilir ve g\u00f6\u00e7erlerin toplan\u0131p Fethi Bilir&#8217;e destek verdi. G\u00f6\u00e7erlerin bulundu\u011fu b\u00f6lgeye g\u00fc\u00e7l\u00fckle ula\u015ft\u0131\u011f\u0131m\u0131z\u0131 ve burada ger\u00e7ekten de bir an \u00f6nce el at\u0131lmas\u0131n\u0131 yetkililerden bizlerde talep ediyoruz.<\/p>\n\n\n\n<figure class=\"wp-block-image size-full\"><img loading=\"lazy\" decoding=\"async\" width=\"1024\" height=\"577\" src=\"https:\/\/www.urfabugun.com\/wp-content\/uploads\/2023\/04\/207F477E-E256-413C-B72C-EC1238010FAB.jpeg\" alt=\"\" class=\"wp-image-4489\"\/><\/figure>\n\n\n\n<p>\u015eanl\u0131urfa\u2019n\u0131n Ceylanp\u0131nar \u0130l\u00e7esinde G\u00f6\u00e7erlerin hali i\u00e7ler ac\u0131s\u0131. \u015eanl\u0131urfa Bir\u00e7ok b\u00f6lgeden g\u00f6\u00e7 al\u0131p bu b\u00f6lgeye yerle\u015fen g\u00f6\u00e7erlerlerin insani bir ya\u015fam alanlar\u0131n\u0131n olamamas\u0131 g\u00f6\u00e7erleri isyan ettirdi. Bir \u00e7ok d\u00f6nem milletvekili adaylar\u0131n\u0131n s\u00f6z konusu g\u00f6\u00e7erlere destek s\u00f6z\u00fc verip oy toplay\u0131p daha sonrada bu s\u00f6zlerinde durmay\u0131\u015f\u0131 g\u00f6\u00e7erlere bu hakl\u0131 isyan\u0131 dile getirtti. G\u00f6\u00e7erlerin bulundu\u011fu b\u00f6lgede yol su elektrik gibi insani ihtiya\u00e7alar\u0131n\u0131n olmamas\u0131 ve b\u00f6lgede herhangi bir sa\u011fl\u0131k merkezinin bulunmamas\u0131 olas\u0131 bir salg\u0131na neden olaca\u011f\u0131 gibi \u00e7ocuklar\u0131n a\u015f\u0131lanmadan b\u00fcy\u00fcd\u00fcklerine tan\u0131k olduk.<\/p>\n\n\n\n<p>\u0130\u015fte Haberin Videosu<\/p>\n\n\n\n<figure class=\"wp-block-embed is-type-video is-provider-youtube wp-block-embed-youtube wp-embed-aspect-16-9 wp-has-aspect-ratio\"><div class=\"wp-block-embed__wrapper\">\n<iframe loading=\"lazy\" title=\"Ceylanp\u0131nar ma\u011fdur g\u00f6\u00e7erler kendi devletinde kendi topraklar\u0131nda m\u00fclteci olmak istemiyor\" width=\"500\" height=\"281\" src=\"data:image\/png;base64,iVBORw0KGgoAAAANSUhEUgAAAAIAAAABCAQAAABeK7cBAAAAC0lEQVR42mNkAAIAAAoAAv\/lxKUAAAAASUVORK5CYII=\" data-src=\"https:\/\/www.youtube.com\/embed\/oLbifdzsJ0M?feature=oembed\" frameborder=\"0\" allow=\"accelerometer; autoplay; clipboard-write; encrypted-media; gyroscope; picture-in-picture; web-share\" referrerpolicy=\"strict-origin-when-cross-origin\" class=\"kanews-lazy\" allowfullscreen><\/iframe>\n<\/div><\/figure>\n","protected":false},"excerpt":{"rendered":"<p>\u015eanl\u0131urfa&#8217;n\u0131n Ceylanp\u0131nar il\u00e7esi G\u00f6\u00e7erler derne\u011fi Ba\u015fkan\u0131 Fethi Bilir G\u00f6\u00e7erlerin maddi ve manevi s\u0131k\u0131nt\u0131s\u0131n\u0131 dile getirdi. Ba\u015fkan&#46;&#46;&#46;<\/p>\n","protected":false},"author":2,"featured_media":4488,"comment_status":"open","ping_status":"open","sticky":false,"template":"","format":"standard","meta":{"inline_featured_image":false,"footnotes":""},"categories":[82],"tags":[304,1393,1394,118,131,107],"manset":[],"class_list":["post-4486","post","type-post","status-publish","format-standard","has-post-thumbnail","hentry","category-gundem-haberleri","tag-ceylanpinar","tag-gocerler","tag-magduriyet","tag-sanliurfa","tag-son-dakika","tag-ub"],"_links":{"self":[{"href":"https:\/\/www.urfabugun.com\/index.php\/wp-json\/wp\/v2\/posts\/4486","targetHints":{"allow":["GET"]}}],"collection":[{"href":"https:\/\/www.urfabugun.com\/index.php\/wp-json\/wp\/v2\/posts"}],"about":[{"href":"https:\/\/www.urfabugun.com\/index.php\/wp-json\/wp\/v2\/types\/post"}],"author":[{"embeddable":true,"href":"https:\/\/www.urfabugun.com\/index.php\/wp-json\/wp\/v2\/users\/2"}],"replies":[{"embeddable":true,"href":"https:\/\/www.urfabugun.com\/index.php\/wp-json\/wp\/v2\/comments?post=4486"}],"version-history":[{"count":0,"href":"https:\/\/www.urfabugun.com\/index.php\/wp-json\/wp\/v2\/posts\/4486\/revisions"}],"wp:featuredmedia":[{"embeddable":true,"href":"https:\/\/www.urfabugun.com\/index.php\/wp-json\/wp\/v2\/media\/4488"}],"wp:attachment":[{"href":"https:\/\/www.urfabugun.com\/index.php\/wp-json\/wp\/v2\/media?parent=4486"}],"wp:term":[{"taxonomy":"category","embeddable":true,"href":"https:\/\/www.urfabugun.com\/index.php\/wp-json\/wp\/v2\/categories?post=4486"},{"taxonomy":"post_tag","embeddable":true,"href":"https:\/\/www.urfabugun.com\/index.php\/wp-json\/wp\/v2\/tags?post=4486"},{"taxonomy":"manset","embeddable":true,"href":"https:\/\/www.urfabugun.com\/index.php\/wp-json\/wp\/v2\/manset?post=4486"}],"curies":[{"name":"wp","href":"https:\/\/api.w.org\/{rel}","templated":true}]}}