{"id":4500,"date":"2023-04-11T10:24:28","date_gmt":"2023-04-11T07:24:28","guid":{"rendered":"https:\/\/www.urfabugun.com\/?p=4500"},"modified":"2023-04-11T10:24:35","modified_gmt":"2023-04-11T07:24:35","slug":"meteoroloji-uyarmisti-urfa-gune-yagmur-ve-sisle-uyandi","status":"publish","type":"post","link":"https:\/\/www.urfabugun.com\/index.php\/2023\/04\/11\/meteoroloji-uyarmisti-urfa-gune-yagmur-ve-sisle-uyandi\/","title":{"rendered":"Meteoroloji Uyarm\u0131\u015ft\u0131: Urfa G\u00fcne Ya\u011fmur Ve Sisle Uyand\u0131!"},"content":{"rendered":"\n<p><\/p>\n\n\n\n<p><strong>Meteoroloji genel m\u00fcd\u00fcrl\u00fc\u011f\u00fcn\u00fcn payla\u015ft\u0131\u011f\u0131 verilere g\u00f6re \u015eanl\u0131urfa\u2019da beklenen ya\u011f\u0131\u015f d\u00fcn gece itibaren etkili olmaya ba\u015flad\u0131.<\/strong><\/p>\n\n\n\n<p>Meteorolojinin uyar\u0131s\u0131n\u0131n ard\u0131ndan kentte sa\u011fanak ya\u011f\u0131\u015f sabah\u0131n ilk saatlerinden itibaren etkili olmaya ba\u015flad\u0131. Selden etkilenen \u015eanl\u0131urfa\u2019da Ya\u011f\u0131\u015f\u0131n gece ge\u00e7 saatlere kadar devam etmesi bekleniyor.<\/p>\n\n\n\n<p>Ayr\u0131ca ya\u015fanabilecek olumsuzlara kar\u015f\u0131 \u015eanl\u0131urfa Valili\u011fi d\u00fcn vatanda\u015flara uyar\u0131da bulunarak;\u2019\u2019 ilimizin kuzey il\u00e7elerinde sa\u011fanak ve g\u00f6k g\u00fcr\u00fclt\u00fcl\u00fc sa\u011fanak ya\u011f\u0131\u015f beklenmektedir. Sel, su bask\u0131n\u0131, y\u0131ld\u0131r\u0131m, yerel k\u00fc\u00e7\u00fck \u00e7apl\u0131 dolu ya\u011f\u0131\u015f\u0131 ve kuvvetli r\u00fczg\u00e2r gibi olumsuzluklara kar\u015f\u0131 dikkatli ve tedbirli olunmal\u0131d\u0131r\u2019\u2019 dedi.<\/p>\n","protected":false},"excerpt":{"rendered":"<p>Meteoroloji genel m\u00fcd\u00fcrl\u00fc\u011f\u00fcn\u00fcn payla\u015ft\u0131\u011f\u0131 verilere g\u00f6re \u015eanl\u0131urfa\u2019da beklenen ya\u011f\u0131\u015f d\u00fcn gece itibaren etkili olmaya ba\u015flad\u0131. Meteorolojinin&#46;&#46;&#46;<\/p>\n","protected":false},"author":2,"featured_media":4502,"comment_status":"open","ping_status":"open","sticky":false,"template":"","format":"standard","meta":{"inline_featured_image":false,"footnotes":""},"categories":[92],"tags":[178,1315,1395,118,1244,1073,131,1397,107,1398,881,1396,93],"manset":[],"class_list":["post-4500","post","type-post","status-publish","format-standard","has-post-thumbnail","hentry","category-yasam-haberleri","tag-deprem","tag-haberler","tag-meteoroloji-uyarmisti-urfa-gune-yagmur-ve-sisle-uyandi","tag-sanliurfa","tag-sanliurfa-son-dakika-haberleri","tag-sis","tag-son-dakika","tag-son-dakika-sanliurfa","tag-ub","tag-urfa-gune-sisle-uyandi","tag-urfa-sel","tag-urfa-yagmur","tag-ust"],"_links":{"self":[{"href":"https:\/\/www.urfabugun.com\/index.php\/wp-json\/wp\/v2\/posts\/4500","targetHints":{"allow":["GET"]}}],"collection":[{"href":"https:\/\/www.urfabugun.com\/index.php\/wp-json\/wp\/v2\/posts"}],"about":[{"href":"https:\/\/www.urfabugun.com\/index.php\/wp-json\/wp\/v2\/types\/post"}],"author":[{"embeddable":true,"href":"https:\/\/www.urfabugun.com\/index.php\/wp-json\/wp\/v2\/users\/2"}],"replies":[{"embeddable":true,"href":"https:\/\/www.urfabugun.com\/index.php\/wp-json\/wp\/v2\/comments?post=4500"}],"version-history":[{"count":0,"href":"https:\/\/www.urfabugun.com\/index.php\/wp-json\/wp\/v2\/posts\/4500\/revisions"}],"wp:featuredmedia":[{"embeddable":true,"href":"https:\/\/www.urfabugun.com\/index.php\/wp-json\/wp\/v2\/media\/4502"}],"wp:attachment":[{"href":"https:\/\/www.urfabugun.com\/index.php\/wp-json\/wp\/v2\/media?parent=4500"}],"wp:term":[{"taxonomy":"category","embeddable":true,"href":"https:\/\/www.urfabugun.com\/index.php\/wp-json\/wp\/v2\/categories?post=4500"},{"taxonomy":"post_tag","embeddable":true,"href":"https:\/\/www.urfabugun.com\/index.php\/wp-json\/wp\/v2\/tags?post=4500"},{"taxonomy":"manset","embeddable":true,"href":"https:\/\/www.urfabugun.com\/index.php\/wp-json\/wp\/v2\/manset?post=4500"}],"curies":[{"name":"wp","href":"https:\/\/api.w.org\/{rel}","templated":true}]}}